{"id":1460,"date":"2015-03-03T17:41:12","date_gmt":"2015-03-03T16:41:12","guid":{"rendered":"http:\/\/www.maennerchor-ermlitz.de\/?p=1460"},"modified":"2015-03-03T17:43:41","modified_gmt":"2015-03-03T16:43:41","slug":"trommeln-singen-tanzen-fuer-einen-guten-zweck-benefiz-konzert-fuer-ebola-waisen","status":"publish","type":"post","link":"https:\/\/www.maennerchor-ermlitz.de\/?p=1460","title":{"rendered":"Trommeln, Singen, Tanzen f\u00fcr einen guten Zweck &#8211; Benefiz-Konzert f\u00fcr Ebola-Waisen"},"content":{"rendered":"<p>Im Jahr 2014 war sie das Thema Nummer 1 in den Medien.<br \/>\nInzwischen ist die Ebola-Epidemie in Afrika nahezu in Vergessenheit geraten.<br \/>\nNicht f\u00fcr uns!<br \/>\nGemeinsam mit internationalen K\u00fcnstlern, aber auch Vereinen der Gemeinde beteiligt sich der M\u00e4nnerchor Ermlitz e.V. am 11. April 2015 an einem Benefinzkonzert, um ein Kinderhilfsprojekt im afrikanischen Sierra Leone zu unterst\u00fctzen.<\/p>\n<div class=\"text_exposed_show\">\n<p>Einlass: 13:00 Uhr<br \/>\nBeginn: 13:30 Uhr<br \/>\nEintritt: FREI!<\/p>\n<p>Veranstaltungsort: Gemeindesaal Ermlitz,<br \/>\nAn der M\u00fchle 1a<br \/>\n06258 Schkopau OT Ermlitz<\/p>\n<p>S\u00e4mtliche Einnahmen werden dem Spendenkontro des Sozialzentrums Don Bosco Fambul in Freetow (Sierra Leone) zugef\u00fchrt!<\/p>\n<p style=\"text-align: center;\"><a href=\"https:\/\/i0.wp.com\/www.maennerchor-ermlitz.de\/wp-content\/uploads\/Scan0001.jpg\" data-rel=\"lightbox-gallery-hhmENguI\" data-rl_title=\"\" data-rl_caption=\"\" title=\"\"><img data-recalc-dims=\"1\" loading=\"lazy\" decoding=\"async\" data-attachment-id=\"1461\" data-permalink=\"https:\/\/www.maennerchor-ermlitz.de\/?attachment_id=1461\" data-orig-file=\"https:\/\/i0.wp.com\/www.maennerchor-ermlitz.de\/wp-content\/uploads\/Scan0001.jpg?fit=1642%2C2330&amp;ssl=1\" data-orig-size=\"1642,2330\" data-comments-opened=\"1\" data-image-meta=\"{&quot;aperture&quot;:&quot;0&quot;,&quot;credit&quot;:&quot;&quot;,&quot;camera&quot;:&quot;&quot;,&quot;caption&quot;:&quot;&quot;,&quot;created_timestamp&quot;:&quot;0&quot;,&quot;copyright&quot;:&quot;&quot;,&quot;focal_length&quot;:&quot;0&quot;,&quot;iso&quot;:&quot;0&quot;,&quot;shutter_speed&quot;:&quot;0&quot;,&quot;title&quot;:&quot;&quot;,&quot;orientation&quot;:&quot;1&quot;}\" data-image-title=\"Scan0001\" data-image-description=\"\" data-image-caption=\"\" data-large-file=\"https:\/\/i0.wp.com\/www.maennerchor-ermlitz.de\/wp-content\/uploads\/Scan0001.jpg?fit=722%2C1024&amp;ssl=1\" class=\"alignnone size-medium wp-image-1461\" src=\"https:\/\/i0.wp.com\/www.maennerchor-ermlitz.de\/wp-content\/uploads\/Scan0001-211x300.jpg?resize=211%2C300\" alt=\"Scan0001\" width=\"211\" height=\"300\" srcset=\"https:\/\/i0.wp.com\/www.maennerchor-ermlitz.de\/wp-content\/uploads\/Scan0001.jpg?resize=211%2C300&amp;ssl=1 211w, https:\/\/i0.wp.com\/www.maennerchor-ermlitz.de\/wp-content\/uploads\/Scan0001.jpg?resize=722%2C1024&amp;ssl=1 722w, https:\/\/i0.wp.com\/www.maennerchor-ermlitz.de\/wp-content\/uploads\/Scan0001.jpg?w=1642&amp;ssl=1 1642w\" sizes=\"auto, (max-width: 211px) 100vw, 211px\" \/><\/a><\/p>\n<p style=\"text-align: center;\">\u00a0<a href=\"https:\/\/i0.wp.com\/www.maennerchor-ermlitz.de\/wp-content\/uploads\/Scan0002.jpg\" data-rel=\"lightbox-gallery-hhmENguI\" data-rl_title=\"\" data-rl_caption=\"\" title=\"\"><img data-recalc-dims=\"1\" loading=\"lazy\" decoding=\"async\" data-attachment-id=\"1462\" data-permalink=\"https:\/\/www.maennerchor-ermlitz.de\/?attachment_id=1462\" data-orig-file=\"https:\/\/i0.wp.com\/www.maennerchor-ermlitz.de\/wp-content\/uploads\/Scan0002.jpg?fit=1618%2C2322&amp;ssl=1\" data-orig-size=\"1618,2322\" data-comments-opened=\"1\" data-image-meta=\"{&quot;aperture&quot;:&quot;0&quot;,&quot;credit&quot;:&quot;&quot;,&quot;camera&quot;:&quot;&quot;,&quot;caption&quot;:&quot;&quot;,&quot;created_timestamp&quot;:&quot;0&quot;,&quot;copyright&quot;:&quot;&quot;,&quot;focal_length&quot;:&quot;0&quot;,&quot;iso&quot;:&quot;0&quot;,&quot;shutter_speed&quot;:&quot;0&quot;,&quot;title&quot;:&quot;&quot;,&quot;orientation&quot;:&quot;1&quot;}\" data-image-title=\"Scan0002\" data-image-description=\"\" data-image-caption=\"\" data-large-file=\"https:\/\/i0.wp.com\/www.maennerchor-ermlitz.de\/wp-content\/uploads\/Scan0002.jpg?fit=714%2C1024&amp;ssl=1\" class=\"alignnone size-medium wp-image-1462\" src=\"https:\/\/i0.wp.com\/www.maennerchor-ermlitz.de\/wp-content\/uploads\/Scan0002-209x300.jpg?resize=209%2C300\" alt=\"Scan0002\" width=\"209\" height=\"300\" srcset=\"https:\/\/i0.wp.com\/www.maennerchor-ermlitz.de\/wp-content\/uploads\/Scan0002.jpg?resize=209%2C300&amp;ssl=1 209w, https:\/\/i0.wp.com\/www.maennerchor-ermlitz.de\/wp-content\/uploads\/Scan0002.jpg?resize=714%2C1024&amp;ssl=1 714w, https:\/\/i0.wp.com\/www.maennerchor-ermlitz.de\/wp-content\/uploads\/Scan0002.jpg?w=1618&amp;ssl=1 1618w\" sizes=\"auto, (max-width: 209px) 100vw, 209px\" \/><\/a><\/p>\n<\/div>\n","protected":false},"excerpt":{"rendered":"<p>Im Jahr 2014 war sie das Thema Nummer 1 in den Medien. Inzwischen ist die Ebola-Epidemie in Afrika nahezu in Vergessenheit geraten. Nicht f\u00fcr uns! Gemeinsam mit internationalen K\u00fcnstlern, aber auch Vereinen der Gemeinde beteiligt sich der M\u00e4nnerchor Ermlitz e.V. am 11. April 2015 an einem Benefinzkonzert, um ein Kinderhilfsprojekt im afrikanischen Sierra Leone zu [&hellip;]<\/p>\n","protected":false},"author":1,"featured_media":0,"comment_status":"open","ping_status":"open","sticky":false,"template":"","format":"standard","meta":{"jetpack_post_was_ever_published":false,"_jetpack_newsletter_access":"","_jetpack_dont_email_post_to_subs":false,"_jetpack_newsletter_tier_id":0,"_jetpack_memberships_contains_paywalled_content":false,"_jetpack_memberships_contains_paid_content":false,"footnotes":"","jetpack_publicize_message":"","jetpack_publicize_feature_enabled":true,"jetpack_social_post_already_shared":true,"jetpack_social_options":{"image_generator_settings":{"template":"highway","default_image_id":0,"font":"","enabled":false},"version":2}},"categories":[1],"tags":[40,41,39],"class_list":["post-1460","post","type-post","status-publish","format-standard","hentry","category-news","tag-benefiz-konzert","tag-ebola-waisen","tag-maennerchor-ermlitz-e-v"],"jetpack_publicize_connections":[],"jetpack_featured_media_url":"","jetpack_sharing_enabled":true,"jetpack_shortlink":"https:\/\/wp.me\/p5m6MX-ny","jetpack-related-posts":[{"id":1485,"url":"https:\/\/www.maennerchor-ermlitz.de\/?p=1485","url_meta":{"origin":1460,"position":0},"title":"11. 04. Benefizkonzert 2015","author":"Administrator","date":"3. Juni 2015","format":false,"excerpt":"Man mag ja glauben, dass die Sangesbr\u00fcder des M\u00e4nnerchor Ermlitz e.V. die regelm\u00e4\u00dfigen Konzerte veranstaltet, um Ihnen als Publikum ein unterhaltsames Kulturprogramm zu bieten. Dass der Chor mit seinem Gesang durchaus aber auch etwas Gutes tun kann, hat dieser am 11. April 2015 eindrucksvoll mit seinem Benefizkonzert bewiesen. Hintergrund f\u00fcr\u2026","rel":"","context":"In &quot;News&quot;","block_context":{"text":"News","link":"https:\/\/www.maennerchor-ermlitz.de\/?cat=1"},"img":{"alt_text":"","src":"https:\/\/i0.wp.com\/www.maennerchor-ermlitz.de\/wp-content\/uploads\/Scan0001.jpg?fit=846%2C1200&ssl=1&resize=350%2C200","width":350,"height":200,"srcset":"https:\/\/i0.wp.com\/www.maennerchor-ermlitz.de\/wp-content\/uploads\/Scan0001.jpg?fit=846%2C1200&ssl=1&resize=350%2C200 1x, https:\/\/i0.wp.com\/www.maennerchor-ermlitz.de\/wp-content\/uploads\/Scan0001.jpg?fit=846%2C1200&ssl=1&resize=525%2C300 1.5x, https:\/\/i0.wp.com\/www.maennerchor-ermlitz.de\/wp-content\/uploads\/Scan0001.jpg?fit=846%2C1200&ssl=1&resize=700%2C400 2x"},"classes":[]},{"id":5982,"url":"https:\/\/www.maennerchor-ermlitz.de\/?p=5982","url_meta":{"origin":1460,"position":1},"title":"Vorl\u00e4ufiger Auftrittsplan f\u00fcr das Chorjahr 2023","author":"Administrator","date":"6. M\u00e4rz 2023","format":false,"excerpt":"Nach den Jahren der Enthaltsamkeit durch die Corona-Pandemie ist es nun endlich wieder m\u00f6glich, Konzerte und Veranstaltungen l\u00e4ngerfristig zu planen. Daher freuen wir uns, Ihnen heute unseren vorl\u00e4ufigen Konzertplan f\u00fcr das Konzertjahr 2023 pr\u00e4sentieren zu k\u00f6nnen. 14.05.23 ab 09:30 Uhr\u00a0 \u00a0\u00a0\u00a0\u00a0\u00a0\u00a0\u00a0\u00a0\u00a0\u00a0\u00a0\u00a0\u00a0\u00a0\u00a0\u00a0\u00a0 Muttertagskonzert im Seniorenheim \"Bergbreite\" der Volkssolitarit\u00e4t und am Rathausplatz\u2026","rel":"","context":"In &quot;News&quot;","block_context":{"text":"News","link":"https:\/\/www.maennerchor-ermlitz.de\/?cat=1"},"img":{"alt_text":"","src":"","width":0,"height":0},"classes":[]},{"id":2358,"url":"https:\/\/www.maennerchor-ermlitz.de\/?p=2358","url_meta":{"origin":1460,"position":2},"title":"KONZERTANK\u00dcNDIGUNG!","author":"Administrator","date":"7. April 2018","format":false,"excerpt":"M\u00e4nnerchor\u00a0\u00a0\u00a0\u00a0\u00a0\u00a0\u00a0\u00a0\u00a0\u00a0\u00a0\u00a0\u00a0\u00a0\u00a0\u00a0\u00a0\u00a0\u00a0\u00a0\u00a0\u00a0\u00a0\u00a0\u00a0\u00a0\u00a0\u00a0\u00a0\u00a0\u00a0\u00a0\u00a0\u00a0\u00a0\u00a0\u00a0\u00a0\u00a0\u00a0\u00a0\u00a0\u00a0\u00a0\u00a0\u00a0\u00a0\u00a0\u00a0\u00a0\u00a0\u00a0\u00a0 \u00a0 \u00a0 \u00a0 \u00a0\u00a0 VOCALENSEMBLE Ermlitz e.V. \u00a0 \u00a0\u00a0 \u00a0 \u00a0\u00a0\u00a0\u00a0\u00a0\u00a0\u00a0\u00a0\u00a0\u00a0\u00a0\u00a0\u00a0\u00a0\u00a0\u00a0\u00a0\u00a0\u00a0\u00a0\u00a0\u00a0\u00a0\u00a0\u00a0\u00a0\u00a0\u00a0\u00a0\u00a0\u00a0\u00a0\u00a0\u00a0\u00a0\u00a0\u00a0\u00a0\u00a0\u00a0\u00a0\u00a0\u00a0\u00a0\u00a0\u00a0\u00a0\u00a0\u00a0\u00a0\u00a0\u00a0\u00a0\u00a0\u00a0\u00a0\u00a0\u00a0\u00a0\u00a0\u00a0\u00a0\u00a0\u00a0\u00a0\u00a0\u00a0\u00a0\u00a0\u00a0\u00a0\u00a0\u00a0\u00a0 borinzi Pop- und Filmmusikkonzert am 27.Mai 2018 um 15.00 Uhr Gemeindesaal Ermlitz, An der M\u00fchle 1 mit Live Band Leitung: Erik Schober Eintritt: Vorverkauf: 12 \u20ac Konzertkasse: 14 \u20ac Karten bei Aventura Reisen, Merseburger Str. 21, 04435 Schkeuditz\u2026","rel":"","context":"In &quot;News&quot;","block_context":{"text":"News","link":"https:\/\/www.maennerchor-ermlitz.de\/?cat=1"},"img":{"alt_text":"","src":"","width":0,"height":0},"classes":[]},{"id":5082,"url":"https:\/\/www.maennerchor-ermlitz.de\/?p=5082","url_meta":{"origin":1460,"position":3},"title":"01.06 &#8211; Feuerwehrfest der FFW Ermlitz","author":"Administrator","date":"9. Juni 2019","format":false,"excerpt":"Es ist bereits zu einer festen kulturellen Institution geworden, dass sich die Ermlitzerinnen und Ermlitzer eine Woche nach Himmelfahrt nochmals zu tun, um richtig zu feiern. So lud in diesem Jahr auch wieder der F\u00f6rderverein der Freiwilligen Feuerwehr Ermlitz e.V. bei sch\u00f6nstem Sommerwetter zum Feuerwehrfest ein, welches ein breites Programm\u2026","rel":"","context":"In &quot;News&quot;","block_context":{"text":"News","link":"https:\/\/www.maennerchor-ermlitz.de\/?cat=1"},"img":{"alt_text":"","src":"https:\/\/i0.wp.com\/www.maennerchor-ermlitz.de\/wp-content\/uploads\/DSC_0089.jpg?resize=350%2C200","width":350,"height":200,"srcset":"https:\/\/i0.wp.com\/www.maennerchor-ermlitz.de\/wp-content\/uploads\/DSC_0089.jpg?resize=350%2C200 1x, https:\/\/i0.wp.com\/www.maennerchor-ermlitz.de\/wp-content\/uploads\/DSC_0089.jpg?resize=525%2C300 1.5x, https:\/\/i0.wp.com\/www.maennerchor-ermlitz.de\/wp-content\/uploads\/DSC_0089.jpg?resize=700%2C400 2x"},"classes":[]},{"id":2839,"url":"https:\/\/www.maennerchor-ermlitz.de\/?p=2839","url_meta":{"origin":1460,"position":4},"title":"Ank\u00fcndigung: Konzert des &#8222;M\u00e4nnerchor Ermlitz e.V.&#8220; auf der Landesgartenschau 2018 in Burg","author":"Administrator","date":"16. Mai 2018","format":false,"excerpt":"Wir laden Sie und Ihre Lieben recht herzlich am 07. Juli 2018 um 13:00 Uhr, sowie um 14:30 Uhr zu unserem Konzert auf der Landesgartenschau 2018 Sachsen-Anhalt in Burg ein!","rel":"","context":"In &quot;News&quot;","block_context":{"text":"News","link":"https:\/\/www.maennerchor-ermlitz.de\/?cat=1"},"img":{"alt_text":"","src":"","width":0,"height":0},"classes":[]},{"id":5820,"url":"https:\/\/www.maennerchor-ermlitz.de\/?p=5820","url_meta":{"origin":1460,"position":5},"title":"Weihnachtsgr\u00fc\u00dfe des M\u00e4nnerchor Ermlitz e.V.","author":"Administrator","date":"19. Dezember 2021","format":false,"excerpt":"Ein Jahr mit wenigen Auftritten neigt sich dem Ende zu. Wir wollen dies zum Anlass nehmen, uns bei allen Freunden des Gesangs f\u00fcr ihre Treue zu bedanken. Zu den hoffentlich in gr\u00f6\u00dferer Anzahl stattfindenden Konzerten im kommenden Jahr 2022, freuen wir uns auf Ihren Besuch. Dank f\u00fcr die gute Zusammenarbeit\u2026","rel":"","context":"In &quot;News&quot;","block_context":{"text":"News","link":"https:\/\/www.maennerchor-ermlitz.de\/?cat=1"},"img":{"alt_text":"","src":"https:\/\/i0.wp.com\/www.maennerchor-ermlitz.de\/wp-content\/uploads\/XMAS_MCE.jpg?resize=350%2C200&ssl=1","width":350,"height":200,"srcset":"https:\/\/i0.wp.com\/www.maennerchor-ermlitz.de\/wp-content\/uploads\/XMAS_MCE.jpg?resize=350%2C200&ssl=1 1x, https:\/\/i0.wp.com\/www.maennerchor-ermlitz.de\/wp-content\/uploads\/XMAS_MCE.jpg?resize=525%2C300&ssl=1 1.5x, https:\/\/i0.wp.com\/www.maennerchor-ermlitz.de\/wp-content\/uploads\/XMAS_MCE.jpg?resize=700%2C400&ssl=1 2x"},"classes":[]}],"_links":{"self":[{"href":"https:\/\/www.maennerchor-ermlitz.de\/index.php?rest_route=\/wp\/v2\/posts\/1460","targetHints":{"allow":["GET"]}}],"collection":[{"href":"https:\/\/www.maennerchor-ermlitz.de\/index.php?rest_route=\/wp\/v2\/posts"}],"about":[{"href":"https:\/\/www.maennerchor-ermlitz.de\/index.php?rest_route=\/wp\/v2\/types\/post"}],"author":[{"embeddable":true,"href":"https:\/\/www.maennerchor-ermlitz.de\/index.php?rest_route=\/wp\/v2\/users\/1"}],"replies":[{"embeddable":true,"href":"https:\/\/www.maennerchor-ermlitz.de\/index.php?rest_route=%2Fwp%2Fv2%2Fcomments&post=1460"}],"version-history":[{"count":4,"href":"https:\/\/www.maennerchor-ermlitz.de\/index.php?rest_route=\/wp\/v2\/posts\/1460\/revisions"}],"predecessor-version":[{"id":1466,"href":"https:\/\/www.maennerchor-ermlitz.de\/index.php?rest_route=\/wp\/v2\/posts\/1460\/revisions\/1466"}],"wp:attachment":[{"href":"https:\/\/www.maennerchor-ermlitz.de\/index.php?rest_route=%2Fwp%2Fv2%2Fmedia&parent=1460"}],"wp:term":[{"taxonomy":"category","embeddable":true,"href":"https:\/\/www.maennerchor-ermlitz.de\/index.php?rest_route=%2Fwp%2Fv2%2Fcategories&post=1460"},{"taxonomy":"post_tag","embeddable":true,"href":"https:\/\/www.maennerchor-ermlitz.de\/index.php?rest_route=%2Fwp%2Fv2%2Ftags&post=1460"}],"curies":[{"name":"wp","href":"https:\/\/api.w.org\/{rel}","templated":true}]}}