{"id":1485,"date":"2015-06-03T18:26:33","date_gmt":"2015-06-03T16:26:33","guid":{"rendered":"http:\/\/www.maennerchor-ermlitz.de\/?p=1485"},"modified":"2015-06-03T18:26:33","modified_gmt":"2015-06-03T16:26:33","slug":"11-04-benefizkonzert-2015","status":"publish","type":"post","link":"https:\/\/www.maennerchor-ermlitz.de\/?p=1485","title":{"rendered":"11. 04. Benefizkonzert 2015"},"content":{"rendered":"<p>Man mag ja glauben, dass die Sangesbr\u00fcder des M\u00e4nnerchor Ermlitz e.V. die regelm\u00e4\u00dfigen Konzerte veranstaltet, um Ihnen als Publikum ein unterhaltsames Kulturprogramm zu bieten.<br \/>\nDass der Chor mit seinem Gesang durchaus aber auch etwas Gutes tun kann, hat dieser am 11. April 2015 eindrucksvoll mit seinem Benefizkonzert bewiesen.<\/p>\n<p>Hintergrund f\u00fcr die Veranstaltung des Benefizkonzerts war die in vielen afrikanischen L\u00e4ndern grassierende Ebola-Epidemie im Jahr 2014. Unter anderem war auch das Land Sierra Leone stark von der Epidemie betroffen.<br \/>\nDaher war es f\u00fcr den M\u00e4nnerchor Ermlitz e.V. eine Selbstverst\u00e4ndlichkeit, sich an dem Konzert zu beteiligen, als die Gemeinde vom Sozialzentrum Don Bosco Fambul in Sierra Leone die Anfrage f\u00fcr das Konzert erhielt.<\/p>\n<p>Doch neben dem Ermlitzer M\u00e4nnerchor beiteiligten sich auch noch einige andere Vereine an diem Konzert.<br \/>\nDarunter &#8222;M\u2019bemba Bangoura (USA), Shaun Gracie &amp; Bands&#8220;, die &#8222;Dancing Cats Schkeuditz&#8220;, &#8222;Koffi-Papah &amp; Band&#8220; aus Togo, die Leiziger Trommelgruppe &#8222;Bak Bing&#8220;, sowie die Gymnastikgruppe des SG Ermlitz e.V.<\/p>\n<p>Nat\u00fcrlich lie\u00df es sich auch der Ortsb\u00fcrgermeister herr Patrick Wanzek nicht nehmen und beteiligte sich im Rahmen einer Spende an der Veranstaltung.<\/p>\n<p>Am Ende konnte sich das Sozialzentrum Don Bosco Fabul aus Sierra Leone \u00fcber einen Erl\u00f6s von rund 1.800,-\u20ac freuen, welche volst\u00e4ndig sozialen Projekten in Sierra Leone zu flie\u00dfen.<\/p>\n<p>Wir danken allen Mitwirkenden, G\u00e4sten und insbesondere allen Spendern, die dieses Benefizkonzert \u00fcberhaupt erm\u00f6glicht haben.<\/p>\n","protected":false},"excerpt":{"rendered":"<p>Man mag ja glauben, dass die Sangesbr\u00fcder des M\u00e4nnerchor Ermlitz e.V. die regelm\u00e4\u00dfigen Konzerte veranstaltet, um Ihnen als Publikum ein unterhaltsames Kulturprogramm zu bieten. Dass der Chor mit seinem Gesang durchaus aber auch etwas Gutes tun kann, hat dieser am 11. April 2015 eindrucksvoll mit seinem Benefizkonzert bewiesen. Hintergrund f\u00fcr die Veranstaltung des Benefizkonzerts war [&hellip;]<\/p>\n","protected":false},"author":1,"featured_media":1461,"comment_status":"open","ping_status":"open","sticky":false,"template":"","format":"standard","meta":{"jetpack_post_was_ever_published":false,"_jetpack_newsletter_access":"","_jetpack_dont_email_post_to_subs":false,"_jetpack_newsletter_tier_id":0,"_jetpack_memberships_contains_paywalled_content":false,"_jetpack_memberships_contains_paid_content":false,"footnotes":"","jetpack_publicize_message":"","jetpack_publicize_feature_enabled":true,"jetpack_social_post_already_shared":false,"jetpack_social_options":{"image_generator_settings":{"template":"highway","default_image_id":0,"font":"","enabled":false},"version":2}},"categories":[1],"tags":[40,44,43,42],"class_list":["post-1485","post","type-post","status-publish","format-standard","has-post-thumbnail","hentry","category-news","tag-benefiz-konzert","tag-don-bosco-fambul","tag-freetown","tag-sierra-leone"],"jetpack_publicize_connections":[],"jetpack_featured_media_url":"https:\/\/i0.wp.com\/www.maennerchor-ermlitz.de\/wp-content\/uploads\/Scan0001.jpg?fit=1642%2C2330&ssl=1","jetpack_sharing_enabled":true,"jetpack_shortlink":"https:\/\/wp.me\/p5m6MX-nX","jetpack-related-posts":[{"id":1460,"url":"https:\/\/www.maennerchor-ermlitz.de\/?p=1460","url_meta":{"origin":1485,"position":0},"title":"Trommeln, Singen, Tanzen f\u00fcr einen guten Zweck &#8211; Benefiz-Konzert f\u00fcr Ebola-Waisen","author":"Administrator","date":"3. M\u00e4rz 2015","format":false,"excerpt":"Im Jahr 2014 war sie das Thema Nummer 1 in den Medien. Inzwischen ist die Ebola-Epidemie in Afrika nahezu in Vergessenheit geraten. Nicht f\u00fcr uns! Gemeinsam mit internationalen K\u00fcnstlern, aber auch Vereinen der Gemeinde beteiligt sich der M\u00e4nnerchor Ermlitz e.V. am 11. April 2015 an einem Benefinzkonzert, um ein Kinderhilfsprojekt\u2026","rel":"","context":"In &quot;News&quot;","block_context":{"text":"News","link":"https:\/\/www.maennerchor-ermlitz.de\/?cat=1"},"img":{"alt_text":"Scan0001","src":"https:\/\/i0.wp.com\/www.maennerchor-ermlitz.de\/wp-content\/uploads\/Scan0001-211x300.jpg?resize=350%2C200","width":350,"height":200},"classes":[]},{"id":5067,"url":"https:\/\/www.maennerchor-ermlitz.de\/?p=5067","url_meta":{"origin":1485,"position":1},"title":"12.05. Muttertagskonzert","author":"Administrator","date":"5. Juni 2019","format":false,"excerpt":"Es ist ja inzwischen eine jahrelange Tradition des M\u00e4nnerchor Ermlitz, in den Seniorendomizilen der Volkssolidarit\u00e4t \"Am Rathausplatz Schkeuditz\" und \"Bergbreite\" ein Konzert zu geben. So folgten wir auch in diesem Jahr wieder dieser Tradition, was beim Publikum f\u00fcr funkelnde Augen sorgte. Der M\u00e4nnerchor lie\u00df die Zuh\u00f6rer mit alten Heimatliedern wie\u2026","rel":"","context":"In &quot;News&quot;","block_context":{"text":"News","link":"https:\/\/www.maennerchor-ermlitz.de\/?cat=1"},"img":{"alt_text":"","src":"https:\/\/i0.wp.com\/www.maennerchor-ermlitz.de\/wp-content\/uploads\/P1050798.jpg?resize=350%2C200","width":350,"height":200,"srcset":"https:\/\/i0.wp.com\/www.maennerchor-ermlitz.de\/wp-content\/uploads\/P1050798.jpg?resize=350%2C200 1x, https:\/\/i0.wp.com\/www.maennerchor-ermlitz.de\/wp-content\/uploads\/P1050798.jpg?resize=525%2C300 1.5x, https:\/\/i0.wp.com\/www.maennerchor-ermlitz.de\/wp-content\/uploads\/P1050798.jpg?resize=700%2C400 2x"},"classes":[]},{"id":5082,"url":"https:\/\/www.maennerchor-ermlitz.de\/?p=5082","url_meta":{"origin":1485,"position":2},"title":"01.06 &#8211; Feuerwehrfest der FFW Ermlitz","author":"Administrator","date":"9. Juni 2019","format":false,"excerpt":"Es ist bereits zu einer festen kulturellen Institution geworden, dass sich die Ermlitzerinnen und Ermlitzer eine Woche nach Himmelfahrt nochmals zu tun, um richtig zu feiern. So lud in diesem Jahr auch wieder der F\u00f6rderverein der Freiwilligen Feuerwehr Ermlitz e.V. bei sch\u00f6nstem Sommerwetter zum Feuerwehrfest ein, welches ein breites Programm\u2026","rel":"","context":"In &quot;News&quot;","block_context":{"text":"News","link":"https:\/\/www.maennerchor-ermlitz.de\/?cat=1"},"img":{"alt_text":"","src":"https:\/\/i0.wp.com\/www.maennerchor-ermlitz.de\/wp-content\/uploads\/DSC_0089.jpg?resize=350%2C200","width":350,"height":200,"srcset":"https:\/\/i0.wp.com\/www.maennerchor-ermlitz.de\/wp-content\/uploads\/DSC_0089.jpg?resize=350%2C200 1x, https:\/\/i0.wp.com\/www.maennerchor-ermlitz.de\/wp-content\/uploads\/DSC_0089.jpg?resize=525%2C300 1.5x, https:\/\/i0.wp.com\/www.maennerchor-ermlitz.de\/wp-content\/uploads\/DSC_0089.jpg?resize=700%2C400 2x"},"classes":[]},{"id":4208,"url":"https:\/\/www.maennerchor-ermlitz.de\/?p=4208","url_meta":{"origin":1485,"position":3},"title":"Der M\u00e4nnerchor Ermlitz w\u00fcnscht Frohe Weihnachten und alles Gute f\u00fcr 2019!","author":"Administrator","date":"23. Dezember 2018","format":false,"excerpt":"Und wieder ist ein Jahr vorbei. Und der M\u00e4nnerchor Ermlitz e.V. blickt auf ein ereignisreiches Jahr 2018 zur\u00fcck. So k\u00f6nnen wir auch in diesem Jahr wieder auf tolle Highlights zur\u00fcck blicken, in denen der Chor seine G\u00e4ste und Freunde musikalisch verzauberte. Da waren zum Beispiel das Pop- & Filmmusik-Konzert am\u2026","rel":"","context":"In &quot;News&quot;","block_context":{"text":"News","link":"https:\/\/www.maennerchor-ermlitz.de\/?cat=1"},"img":{"alt_text":"","src":"https:\/\/i0.wp.com\/www.maennerchor-ermlitz.de\/wp-content\/uploads\/XMAS_MCE.jpg?fit=900%2C495&ssl=1&resize=350%2C200","width":350,"height":200,"srcset":"https:\/\/i0.wp.com\/www.maennerchor-ermlitz.de\/wp-content\/uploads\/XMAS_MCE.jpg?fit=900%2C495&ssl=1&resize=350%2C200 1x, https:\/\/i0.wp.com\/www.maennerchor-ermlitz.de\/wp-content\/uploads\/XMAS_MCE.jpg?fit=900%2C495&ssl=1&resize=525%2C300 1.5x, https:\/\/i0.wp.com\/www.maennerchor-ermlitz.de\/wp-content\/uploads\/XMAS_MCE.jpg?fit=900%2C495&ssl=1&resize=700%2C400 2x"},"classes":[]},{"id":5982,"url":"https:\/\/www.maennerchor-ermlitz.de\/?p=5982","url_meta":{"origin":1485,"position":4},"title":"Vorl\u00e4ufiger Auftrittsplan f\u00fcr das Chorjahr 2023","author":"Administrator","date":"6. M\u00e4rz 2023","format":false,"excerpt":"Nach den Jahren der Enthaltsamkeit durch die Corona-Pandemie ist es nun endlich wieder m\u00f6glich, Konzerte und Veranstaltungen l\u00e4ngerfristig zu planen. Daher freuen wir uns, Ihnen heute unseren vorl\u00e4ufigen Konzertplan f\u00fcr das Konzertjahr 2023 pr\u00e4sentieren zu k\u00f6nnen. 14.05.23 ab 09:30 Uhr\u00a0 \u00a0\u00a0\u00a0\u00a0\u00a0\u00a0\u00a0\u00a0\u00a0\u00a0\u00a0\u00a0\u00a0\u00a0\u00a0\u00a0\u00a0 Muttertagskonzert im Seniorenheim \"Bergbreite\" der Volkssolitarit\u00e4t und am Rathausplatz\u2026","rel":"","context":"In &quot;News&quot;","block_context":{"text":"News","link":"https:\/\/www.maennerchor-ermlitz.de\/?cat=1"},"img":{"alt_text":"","src":"","width":0,"height":0},"classes":[]},{"id":1521,"url":"https:\/\/www.maennerchor-ermlitz.de\/?p=1521","url_meta":{"origin":1485,"position":5},"title":"08.11. Herbstkonzert","author":"Administrator","date":"27. November 2015","format":false,"excerpt":"Zum Herbstkonzert 2015 hat der M\u00e4nnerchor Ermlitz e.V. unter Leitung von Erik Schober ins Kultur-Gut-Ermlitz eingeladen. Beginn des Konzertes war 15 Uhr. Das Wetter an diesem Tag war passend zum Motto des Programmes \u201e Bunt sind schon die W\u00e4lder \u201c. Erik Schober f\u00fchrte wie immer mit seiner charmanten Art und\u2026","rel":"","context":"In &quot;News&quot;","block_context":{"text":"News","link":"https:\/\/www.maennerchor-ermlitz.de\/?cat=1"},"img":{"alt_text":"","src":"https:\/\/i0.wp.com\/www.maennerchor-ermlitz.de\/wp-content\/uploads\/normal_DSC_0237a.jpg?fit=1024%2C683&ssl=1&resize=350%2C200","width":350,"height":200,"srcset":"https:\/\/i0.wp.com\/www.maennerchor-ermlitz.de\/wp-content\/uploads\/normal_DSC_0237a.jpg?fit=1024%2C683&ssl=1&resize=350%2C200 1x, https:\/\/i0.wp.com\/www.maennerchor-ermlitz.de\/wp-content\/uploads\/normal_DSC_0237a.jpg?fit=1024%2C683&ssl=1&resize=525%2C300 1.5x, https:\/\/i0.wp.com\/www.maennerchor-ermlitz.de\/wp-content\/uploads\/normal_DSC_0237a.jpg?fit=1024%2C683&ssl=1&resize=700%2C400 2x"},"classes":[]}],"_links":{"self":[{"href":"https:\/\/www.maennerchor-ermlitz.de\/index.php?rest_route=\/wp\/v2\/posts\/1485","targetHints":{"allow":["GET"]}}],"collection":[{"href":"https:\/\/www.maennerchor-ermlitz.de\/index.php?rest_route=\/wp\/v2\/posts"}],"about":[{"href":"https:\/\/www.maennerchor-ermlitz.de\/index.php?rest_route=\/wp\/v2\/types\/post"}],"author":[{"embeddable":true,"href":"https:\/\/www.maennerchor-ermlitz.de\/index.php?rest_route=\/wp\/v2\/users\/1"}],"replies":[{"embeddable":true,"href":"https:\/\/www.maennerchor-ermlitz.de\/index.php?rest_route=%2Fwp%2Fv2%2Fcomments&post=1485"}],"version-history":[{"count":1,"href":"https:\/\/www.maennerchor-ermlitz.de\/index.php?rest_route=\/wp\/v2\/posts\/1485\/revisions"}],"predecessor-version":[{"id":1486,"href":"https:\/\/www.maennerchor-ermlitz.de\/index.php?rest_route=\/wp\/v2\/posts\/1485\/revisions\/1486"}],"wp:featuredmedia":[{"embeddable":true,"href":"https:\/\/www.maennerchor-ermlitz.de\/index.php?rest_route=\/wp\/v2\/media\/1461"}],"wp:attachment":[{"href":"https:\/\/www.maennerchor-ermlitz.de\/index.php?rest_route=%2Fwp%2Fv2%2Fmedia&parent=1485"}],"wp:term":[{"taxonomy":"category","embeddable":true,"href":"https:\/\/www.maennerchor-ermlitz.de\/index.php?rest_route=%2Fwp%2Fv2%2Fcategories&post=1485"},{"taxonomy":"post_tag","embeddable":true,"href":"https:\/\/www.maennerchor-ermlitz.de\/index.php?rest_route=%2Fwp%2Fv2%2Ftags&post=1485"}],"curies":[{"name":"wp","href":"https:\/\/api.w.org\/{rel}","templated":true}]}}