{"id":1537,"date":"2015-12-06T13:23:12","date_gmt":"2015-12-06T12:23:12","guid":{"rendered":"http:\/\/www.maennerchor-ermlitz.de\/?p=1537"},"modified":"2015-12-06T13:29:03","modified_gmt":"2015-12-06T12:29:03","slug":"04-07-vereinsfahrt-nach-erfurt","status":"publish","type":"post","link":"https:\/\/www.maennerchor-ermlitz.de\/?p=1537","title":{"rendered":"04.07. Vereinsfahrt nach Erfurt"},"content":{"rendered":"<p style=\"text-align: center;\"><a href=\"https:\/\/i0.wp.com\/www.maennerchor-ermlitz.de\/wp-content\/uploads\/2015-ChE-001.jpg\" data-rel=\"lightbox-gallery-3LsBvEqr\" data-rl_title=\"\" data-rl_caption=\"\" title=\"\"><img data-recalc-dims=\"1\" loading=\"lazy\" decoding=\"async\" data-attachment-id=\"1536\" data-permalink=\"https:\/\/www.maennerchor-ermlitz.de\/?attachment_id=1536\" data-orig-file=\"https:\/\/i0.wp.com\/www.maennerchor-ermlitz.de\/wp-content\/uploads\/2015-ChE-001.jpg?fit=2560%2C1712&amp;ssl=1\" data-orig-size=\"2560,1712\" data-comments-opened=\"1\" data-image-meta=\"{&quot;aperture&quot;:&quot;5.2&quot;,&quot;credit&quot;:&quot;&quot;,&quot;camera&quot;:&quot;EX-P505&quot;,&quot;caption&quot;:&quot;&quot;,&quot;created_timestamp&quot;:&quot;1435997858&quot;,&quot;copyright&quot;:&quot;&quot;,&quot;focal_length&quot;:&quot;6.3&quot;,&quot;iso&quot;:&quot;0&quot;,&quot;shutter_speed&quot;:&quot;0.002&quot;,&quot;title&quot;:&quot;&quot;,&quot;orientation&quot;:&quot;1&quot;}\" data-image-title=\"2015 ChE-001\" data-image-description=\"\" data-image-caption=\"\" data-large-file=\"https:\/\/i0.wp.com\/www.maennerchor-ermlitz.de\/wp-content\/uploads\/2015-ChE-001.jpg?fit=1024%2C685&amp;ssl=1\" class=\"alignnone size-thumbnail wp-image-1536\" src=\"https:\/\/i0.wp.com\/www.maennerchor-ermlitz.de\/wp-content\/uploads\/2015-ChE-001-150x150.jpg?resize=150%2C150\" alt=\"2015 ChE-001\" width=\"150\" height=\"150\" srcset=\"https:\/\/i0.wp.com\/www.maennerchor-ermlitz.de\/wp-content\/uploads\/2015-ChE-001.jpg?resize=150%2C150&amp;ssl=1 150w, https:\/\/i0.wp.com\/www.maennerchor-ermlitz.de\/wp-content\/uploads\/2015-ChE-001.jpg?resize=145%2C145&amp;ssl=1 145w, https:\/\/i0.wp.com\/www.maennerchor-ermlitz.de\/wp-content\/uploads\/2015-ChE-001.jpg?resize=50%2C50&amp;ssl=1 50w, https:\/\/i0.wp.com\/www.maennerchor-ermlitz.de\/wp-content\/uploads\/2015-ChE-001.jpg?zoom=2&amp;resize=150%2C150&amp;ssl=1 300w, https:\/\/i0.wp.com\/www.maennerchor-ermlitz.de\/wp-content\/uploads\/2015-ChE-001.jpg?zoom=3&amp;resize=150%2C150&amp;ssl=1 450w\" sizes=\"auto, (max-width: 150px) 100vw, 150px\" \/><\/a> <a href=\"https:\/\/i0.wp.com\/www.maennerchor-ermlitz.de\/wp-content\/uploads\/2015-ChE-135.jpg\" data-rel=\"lightbox-gallery-3LsBvEqr\" data-rl_title=\"\" data-rl_caption=\"\" title=\"\"><img data-recalc-dims=\"1\" loading=\"lazy\" decoding=\"async\" data-attachment-id=\"1538\" data-permalink=\"https:\/\/www.maennerchor-ermlitz.de\/?attachment_id=1538\" data-orig-file=\"https:\/\/i0.wp.com\/www.maennerchor-ermlitz.de\/wp-content\/uploads\/2015-ChE-135.jpg?fit=2560%2C1712&amp;ssl=1\" data-orig-size=\"2560,1712\" data-comments-opened=\"1\" data-image-meta=\"{&quot;aperture&quot;:&quot;3.3&quot;,&quot;credit&quot;:&quot;&quot;,&quot;camera&quot;:&quot;EX-P505&quot;,&quot;caption&quot;:&quot;&quot;,&quot;created_timestamp&quot;:&quot;1436023339&quot;,&quot;copyright&quot;:&quot;&quot;,&quot;focal_length&quot;:&quot;6.3&quot;,&quot;iso&quot;:&quot;0&quot;,&quot;shutter_speed&quot;:&quot;0.01&quot;,&quot;title&quot;:&quot;&quot;,&quot;orientation&quot;:&quot;1&quot;}\" data-image-title=\"2015 ChE-135\" data-image-description=\"\" data-image-caption=\"\" data-large-file=\"https:\/\/i0.wp.com\/www.maennerchor-ermlitz.de\/wp-content\/uploads\/2015-ChE-135.jpg?fit=1024%2C685&amp;ssl=1\" class=\"alignnone size-thumbnail wp-image-1538\" src=\"https:\/\/i0.wp.com\/www.maennerchor-ermlitz.de\/wp-content\/uploads\/2015-ChE-135-150x150.jpg?resize=150%2C150\" alt=\"2015 ChE-135\" width=\"150\" height=\"150\" srcset=\"https:\/\/i0.wp.com\/www.maennerchor-ermlitz.de\/wp-content\/uploads\/2015-ChE-135.jpg?resize=150%2C150&amp;ssl=1 150w, https:\/\/i0.wp.com\/www.maennerchor-ermlitz.de\/wp-content\/uploads\/2015-ChE-135.jpg?resize=145%2C145&amp;ssl=1 145w, https:\/\/i0.wp.com\/www.maennerchor-ermlitz.de\/wp-content\/uploads\/2015-ChE-135.jpg?resize=50%2C50&amp;ssl=1 50w, https:\/\/i0.wp.com\/www.maennerchor-ermlitz.de\/wp-content\/uploads\/2015-ChE-135.jpg?zoom=2&amp;resize=150%2C150&amp;ssl=1 300w, https:\/\/i0.wp.com\/www.maennerchor-ermlitz.de\/wp-content\/uploads\/2015-ChE-135.jpg?zoom=3&amp;resize=150%2C150&amp;ssl=1 450w\" sizes=\"auto, (max-width: 150px) 100vw, 150px\" \/><\/a> <a href=\"https:\/\/i0.wp.com\/www.maennerchor-ermlitz.de\/wp-content\/uploads\/2015-ChE-003.jpg\" data-rel=\"lightbox-gallery-3LsBvEqr\" data-rl_title=\"\" data-rl_caption=\"\" title=\"\"><img data-recalc-dims=\"1\" loading=\"lazy\" decoding=\"async\" data-attachment-id=\"1539\" data-permalink=\"https:\/\/www.maennerchor-ermlitz.de\/?attachment_id=1539\" data-orig-file=\"https:\/\/i0.wp.com\/www.maennerchor-ermlitz.de\/wp-content\/uploads\/2015-ChE-003.jpg?fit=3648%2C2432&amp;ssl=1\" data-orig-size=\"3648,2432\" data-comments-opened=\"1\" data-image-meta=\"{&quot;aperture&quot;:&quot;6.3&quot;,&quot;credit&quot;:&quot;&quot;,&quot;camera&quot;:&quot;Canon PowerShot G12&quot;,&quot;caption&quot;:&quot;&quot;,&quot;created_timestamp&quot;:&quot;1435997903&quot;,&quot;copyright&quot;:&quot;&quot;,&quot;focal_length&quot;:&quot;9.784&quot;,&quot;iso&quot;:&quot;160&quot;,&quot;shutter_speed&quot;:&quot;0.0008&quot;,&quot;title&quot;:&quot;&quot;,&quot;orientation&quot;:&quot;1&quot;}\" data-image-title=\"2015 ChE-003\" data-image-description=\"\" data-image-caption=\"\" data-large-file=\"https:\/\/i0.wp.com\/www.maennerchor-ermlitz.de\/wp-content\/uploads\/2015-ChE-003.jpg?fit=1024%2C683&amp;ssl=1\" class=\"alignnone size-thumbnail wp-image-1539\" src=\"https:\/\/i0.wp.com\/www.maennerchor-ermlitz.de\/wp-content\/uploads\/2015-ChE-003-150x150.jpg?resize=150%2C150\" alt=\"2015 ChE-003\" width=\"150\" height=\"150\" srcset=\"https:\/\/i0.wp.com\/www.maennerchor-ermlitz.de\/wp-content\/uploads\/2015-ChE-003.jpg?resize=150%2C150&amp;ssl=1 150w, https:\/\/i0.wp.com\/www.maennerchor-ermlitz.de\/wp-content\/uploads\/2015-ChE-003.jpg?resize=145%2C145&amp;ssl=1 145w, https:\/\/i0.wp.com\/www.maennerchor-ermlitz.de\/wp-content\/uploads\/2015-ChE-003.jpg?resize=50%2C50&amp;ssl=1 50w, https:\/\/i0.wp.com\/www.maennerchor-ermlitz.de\/wp-content\/uploads\/2015-ChE-003.jpg?zoom=2&amp;resize=150%2C150&amp;ssl=1 300w, https:\/\/i0.wp.com\/www.maennerchor-ermlitz.de\/wp-content\/uploads\/2015-ChE-003.jpg?zoom=3&amp;resize=150%2C150&amp;ssl=1 450w\" sizes=\"auto, (max-width: 150px) 100vw, 150px\" \/><\/a> <a href=\"https:\/\/i0.wp.com\/www.maennerchor-ermlitz.de\/wp-content\/uploads\/2015-ChE-046.jpg\" data-rel=\"lightbox-gallery-3LsBvEqr\" data-rl_title=\"\" data-rl_caption=\"\" title=\"\"><img data-recalc-dims=\"1\" loading=\"lazy\" decoding=\"async\" data-attachment-id=\"1540\" data-permalink=\"https:\/\/www.maennerchor-ermlitz.de\/?attachment_id=1540\" data-orig-file=\"https:\/\/i0.wp.com\/www.maennerchor-ermlitz.de\/wp-content\/uploads\/2015-ChE-046.jpg?fit=2432%2C3648&amp;ssl=1\" data-orig-size=\"2432,3648\" data-comments-opened=\"1\" data-image-meta=\"{&quot;aperture&quot;:&quot;4&quot;,&quot;credit&quot;:&quot;&quot;,&quot;camera&quot;:&quot;Canon PowerShot G12&quot;,&quot;caption&quot;:&quot;&quot;,&quot;created_timestamp&quot;:&quot;1436000740&quot;,&quot;copyright&quot;:&quot;&quot;,&quot;focal_length&quot;:&quot;10.775&quot;,&quot;iso&quot;:&quot;160&quot;,&quot;shutter_speed&quot;:&quot;0.0008&quot;,&quot;title&quot;:&quot;&quot;,&quot;orientation&quot;:&quot;0&quot;}\" data-image-title=\"2015 ChE-046\" data-image-description=\"\" data-image-caption=\"\" data-large-file=\"https:\/\/i0.wp.com\/www.maennerchor-ermlitz.de\/wp-content\/uploads\/2015-ChE-046.jpg?fit=683%2C1024&amp;ssl=1\" class=\"alignnone size-thumbnail wp-image-1540\" src=\"https:\/\/i0.wp.com\/www.maennerchor-ermlitz.de\/wp-content\/uploads\/2015-ChE-046-150x150.jpg?resize=150%2C150\" alt=\"2015 ChE-046\" width=\"150\" height=\"150\" srcset=\"https:\/\/i0.wp.com\/www.maennerchor-ermlitz.de\/wp-content\/uploads\/2015-ChE-046.jpg?resize=150%2C150&amp;ssl=1 150w, https:\/\/i0.wp.com\/www.maennerchor-ermlitz.de\/wp-content\/uploads\/2015-ChE-046.jpg?resize=145%2C145&amp;ssl=1 145w, https:\/\/i0.wp.com\/www.maennerchor-ermlitz.de\/wp-content\/uploads\/2015-ChE-046.jpg?resize=50%2C50&amp;ssl=1 50w, https:\/\/i0.wp.com\/www.maennerchor-ermlitz.de\/wp-content\/uploads\/2015-ChE-046.jpg?zoom=2&amp;resize=150%2C150&amp;ssl=1 300w, https:\/\/i0.wp.com\/www.maennerchor-ermlitz.de\/wp-content\/uploads\/2015-ChE-046.jpg?zoom=3&amp;resize=150%2C150&amp;ssl=1 450w\" sizes=\"auto, (max-width: 150px) 100vw, 150px\" \/><\/a> <a href=\"https:\/\/i0.wp.com\/www.maennerchor-ermlitz.de\/wp-content\/uploads\/2015-ChE-050.jpg\" data-rel=\"lightbox-gallery-3LsBvEqr\" data-rl_title=\"\" data-rl_caption=\"\" title=\"\"><img data-recalc-dims=\"1\" loading=\"lazy\" decoding=\"async\" data-attachment-id=\"1541\" data-permalink=\"https:\/\/www.maennerchor-ermlitz.de\/?attachment_id=1541\" data-orig-file=\"https:\/\/i0.wp.com\/www.maennerchor-ermlitz.de\/wp-content\/uploads\/2015-ChE-050.jpg?fit=3648%2C2432&amp;ssl=1\" data-orig-size=\"3648,2432\" data-comments-opened=\"1\" data-image-meta=\"{&quot;aperture&quot;:&quot;4&quot;,&quot;credit&quot;:&quot;&quot;,&quot;camera&quot;:&quot;Canon PowerShot G12&quot;,&quot;caption&quot;:&quot;&quot;,&quot;created_timestamp&quot;:&quot;1436001166&quot;,&quot;copyright&quot;:&quot;&quot;,&quot;focal_length&quot;:&quot;10.775&quot;,&quot;iso&quot;:&quot;160&quot;,&quot;shutter_speed&quot;:&quot;0.0015625&quot;,&quot;title&quot;:&quot;&quot;,&quot;orientation&quot;:&quot;1&quot;}\" data-image-title=\"2015 ChE-050\" data-image-description=\"\" data-image-caption=\"\" data-large-file=\"https:\/\/i0.wp.com\/www.maennerchor-ermlitz.de\/wp-content\/uploads\/2015-ChE-050.jpg?fit=1024%2C683&amp;ssl=1\" class=\"alignnone size-thumbnail wp-image-1541\" src=\"https:\/\/i0.wp.com\/www.maennerchor-ermlitz.de\/wp-content\/uploads\/2015-ChE-050-150x150.jpg?resize=150%2C150\" alt=\"2015 ChE-050\" width=\"150\" height=\"150\" srcset=\"https:\/\/i0.wp.com\/www.maennerchor-ermlitz.de\/wp-content\/uploads\/2015-ChE-050.jpg?resize=150%2C150&amp;ssl=1 150w, https:\/\/i0.wp.com\/www.maennerchor-ermlitz.de\/wp-content\/uploads\/2015-ChE-050.jpg?resize=145%2C145&amp;ssl=1 145w, https:\/\/i0.wp.com\/www.maennerchor-ermlitz.de\/wp-content\/uploads\/2015-ChE-050.jpg?resize=50%2C50&amp;ssl=1 50w, https:\/\/i0.wp.com\/www.maennerchor-ermlitz.de\/wp-content\/uploads\/2015-ChE-050.jpg?zoom=2&amp;resize=150%2C150&amp;ssl=1 300w, https:\/\/i0.wp.com\/www.maennerchor-ermlitz.de\/wp-content\/uploads\/2015-ChE-050.jpg?zoom=3&amp;resize=150%2C150&amp;ssl=1 450w\" sizes=\"auto, (max-width: 150px) 100vw, 150px\" \/><\/a> <a href=\"https:\/\/i0.wp.com\/www.maennerchor-ermlitz.de\/wp-content\/uploads\/2015-ChE-071.jpg\" data-rel=\"lightbox-gallery-3LsBvEqr\" data-rl_title=\"\" data-rl_caption=\"\" title=\"\"><img data-recalc-dims=\"1\" loading=\"lazy\" decoding=\"async\" data-attachment-id=\"1542\" data-permalink=\"https:\/\/www.maennerchor-ermlitz.de\/?attachment_id=1542\" data-orig-file=\"https:\/\/i0.wp.com\/www.maennerchor-ermlitz.de\/wp-content\/uploads\/2015-ChE-071.jpg?fit=3648%2C2432&amp;ssl=1\" data-orig-size=\"3648,2432\" data-comments-opened=\"1\" data-image-meta=\"{&quot;aperture&quot;:&quot;4&quot;,&quot;credit&quot;:&quot;&quot;,&quot;camera&quot;:&quot;Canon PowerShot G12&quot;,&quot;caption&quot;:&quot;&quot;,&quot;created_timestamp&quot;:&quot;1436001641&quot;,&quot;copyright&quot;:&quot;&quot;,&quot;focal_length&quot;:&quot;9.784&quot;,&quot;iso&quot;:&quot;160&quot;,&quot;shutter_speed&quot;:&quot;0.0015625&quot;,&quot;title&quot;:&quot;&quot;,&quot;orientation&quot;:&quot;1&quot;}\" data-image-title=\"2015 ChE-071\" data-image-description=\"\" data-image-caption=\"\" data-large-file=\"https:\/\/i0.wp.com\/www.maennerchor-ermlitz.de\/wp-content\/uploads\/2015-ChE-071.jpg?fit=1024%2C683&amp;ssl=1\" class=\"alignnone size-thumbnail wp-image-1542\" src=\"https:\/\/i0.wp.com\/www.maennerchor-ermlitz.de\/wp-content\/uploads\/2015-ChE-071-150x150.jpg?resize=150%2C150\" alt=\"2015 ChE-071\" width=\"150\" height=\"150\" srcset=\"https:\/\/i0.wp.com\/www.maennerchor-ermlitz.de\/wp-content\/uploads\/2015-ChE-071.jpg?resize=150%2C150&amp;ssl=1 150w, https:\/\/i0.wp.com\/www.maennerchor-ermlitz.de\/wp-content\/uploads\/2015-ChE-071.jpg?resize=145%2C145&amp;ssl=1 145w, https:\/\/i0.wp.com\/www.maennerchor-ermlitz.de\/wp-content\/uploads\/2015-ChE-071.jpg?resize=50%2C50&amp;ssl=1 50w, https:\/\/i0.wp.com\/www.maennerchor-ermlitz.de\/wp-content\/uploads\/2015-ChE-071.jpg?zoom=2&amp;resize=150%2C150&amp;ssl=1 300w, https:\/\/i0.wp.com\/www.maennerchor-ermlitz.de\/wp-content\/uploads\/2015-ChE-071.jpg?zoom=3&amp;resize=150%2C150&amp;ssl=1 450w\" sizes=\"auto, (max-width: 150px) 100vw, 150px\" \/><\/a> <a href=\"https:\/\/i0.wp.com\/www.maennerchor-ermlitz.de\/wp-content\/uploads\/2015-ChE-108.jpg\" data-rel=\"lightbox-gallery-3LsBvEqr\" data-rl_title=\"\" data-rl_caption=\"\" title=\"\"><img data-recalc-dims=\"1\" loading=\"lazy\" decoding=\"async\" data-attachment-id=\"1543\" data-permalink=\"https:\/\/www.maennerchor-ermlitz.de\/?attachment_id=1543\" data-orig-file=\"https:\/\/i0.wp.com\/www.maennerchor-ermlitz.de\/wp-content\/uploads\/2015-ChE-108.jpg?fit=3648%2C2432&amp;ssl=1\" data-orig-size=\"3648,2432\" data-comments-opened=\"1\" data-image-meta=\"{&quot;aperture&quot;:&quot;6.3&quot;,&quot;credit&quot;:&quot;&quot;,&quot;camera&quot;:&quot;Canon PowerShot G12&quot;,&quot;caption&quot;:&quot;&quot;,&quot;created_timestamp&quot;:&quot;1436012260&quot;,&quot;copyright&quot;:&quot;&quot;,&quot;focal_length&quot;:&quot;21.461&quot;,&quot;iso&quot;:&quot;160&quot;,&quot;shutter_speed&quot;:&quot;0.0008&quot;,&quot;title&quot;:&quot;&quot;,&quot;orientation&quot;:&quot;1&quot;}\" data-image-title=\"2015 ChE-108\" data-image-description=\"\" data-image-caption=\"\" data-large-file=\"https:\/\/i0.wp.com\/www.maennerchor-ermlitz.de\/wp-content\/uploads\/2015-ChE-108.jpg?fit=1024%2C683&amp;ssl=1\" class=\"alignnone size-thumbnail wp-image-1543\" src=\"https:\/\/i0.wp.com\/www.maennerchor-ermlitz.de\/wp-content\/uploads\/2015-ChE-108-150x150.jpg?resize=150%2C150\" alt=\"2015 ChE-108\" width=\"150\" height=\"150\" srcset=\"https:\/\/i0.wp.com\/www.maennerchor-ermlitz.de\/wp-content\/uploads\/2015-ChE-108.jpg?resize=150%2C150&amp;ssl=1 150w, https:\/\/i0.wp.com\/www.maennerchor-ermlitz.de\/wp-content\/uploads\/2015-ChE-108.jpg?resize=145%2C145&amp;ssl=1 145w, https:\/\/i0.wp.com\/www.maennerchor-ermlitz.de\/wp-content\/uploads\/2015-ChE-108.jpg?resize=50%2C50&amp;ssl=1 50w, https:\/\/i0.wp.com\/www.maennerchor-ermlitz.de\/wp-content\/uploads\/2015-ChE-108.jpg?zoom=2&amp;resize=150%2C150&amp;ssl=1 300w, https:\/\/i0.wp.com\/www.maennerchor-ermlitz.de\/wp-content\/uploads\/2015-ChE-108.jpg?zoom=3&amp;resize=150%2C150&amp;ssl=1 450w\" sizes=\"auto, (max-width: 150px) 100vw, 150px\" \/><\/a><\/p>\n<p style=\"text-align: left;\">Im Ermlitzer M\u00e4nnerchor wird nicht nur gesungen. In diesem Jahr gingen die S\u00e4nger mit ihren Ehepartner wieder auf gro\u00dfe Fahrt.<br \/>\nDas Reiseziel war die Landeshauptstadt Th\u00fcringens Erfurt.<br \/>\nBei einer Stadtf\u00fchrung wurden die Sehensw\u00fcrdigkeiten von Erfurt angesehen. Der H\u00f6hepunkt war die Besichtigung des Domes. Im Dom hatte der Chor die M\u00f6glichkeit sich mit<br \/>\neinem Lied zu pr\u00e4sentieren.<\/p>\n<p style=\"text-align: left;\">Ein weiterer Programmpunkt war die Besichtigung des Augustiner Klosters.<br \/>\nF\u00fcr das leibliche Wohl war an diesen Tag bestens gesorgt.<\/p>\n<p style=\"text-align: left;\"><em>Die Bilder wurden uns freundlicherweise von unserem Sangesfreund Hans-J\u00fcrgen Seyfert zur Verf\u00fcgung gestellt!<\/em><\/p>\n","protected":false},"excerpt":{"rendered":"<p>Im Ermlitzer M\u00e4nnerchor wird nicht nur gesungen. In diesem Jahr gingen die S\u00e4nger mit ihren Ehepartner wieder auf gro\u00dfe Fahrt. Das Reiseziel war die Landeshauptstadt Th\u00fcringens Erfurt. Bei einer Stadtf\u00fchrung wurden die Sehensw\u00fcrdigkeiten von Erfurt angesehen. Der H\u00f6hepunkt war die Besichtigung des Domes. Im Dom hatte der Chor die M\u00f6glichkeit sich mit einem Lied zu [&hellip;]<\/p>\n","protected":false},"author":1,"featured_media":1541,"comment_status":"open","ping_status":"open","sticky":false,"template":"","format":"standard","meta":{"jetpack_post_was_ever_published":false,"_jetpack_newsletter_access":"","_jetpack_dont_email_post_to_subs":false,"_jetpack_newsletter_tier_id":0,"_jetpack_memberships_contains_paywalled_content":false,"_jetpack_memberships_contains_paid_content":false,"footnotes":"","jetpack_publicize_message":"","jetpack_publicize_feature_enabled":true,"jetpack_social_post_already_shared":true,"jetpack_social_options":{"image_generator_settings":{"template":"highway","default_image_id":0,"font":"","enabled":false},"version":2}},"categories":[1],"tags":[63,39,62,61],"class_list":["post-1537","post","type-post","status-publish","format-standard","has-post-thumbnail","hentry","category-news","tag-erfurt","tag-maennerchor-ermlitz-e-v","tag-thueringen","tag-vereinsfahrt-2015"],"jetpack_publicize_connections":[],"jetpack_featured_media_url":"https:\/\/i0.wp.com\/www.maennerchor-ermlitz.de\/wp-content\/uploads\/2015-ChE-050.jpg?fit=3648%2C2432&ssl=1","jetpack_sharing_enabled":true,"jetpack_shortlink":"https:\/\/wp.me\/p5m6MX-oN","jetpack-related-posts":[{"id":1570,"url":"https:\/\/www.maennerchor-ermlitz.de\/?p=1570","url_meta":{"origin":1537,"position":0},"title":"02.02. Jahreshauptversammlung","author":"Administrator","date":"15. Februar 2016","format":false,"excerpt":"Der 1. Vereinsvorsitzende hat Rechenschaft \u00fcber die geleistete Arbeit des M\u00e4nnerchores Ermlitz e. V. im Wirtschaftsjahr 2015 gelegt. Vor seinen Ausf\u00fchrungen wurde mit einer Schweigeminute an den verstorbenen Sangesfreund J\u00fcrgen Bringezu und ehemaligen Chorleiter Ronald Drescher gedacht. Im Namen des Vorstandes dankte der 1. Vereinsvorsitzende dem Chorleiter Erik Schober, allen\u2026","rel":"","context":"In &quot;News&quot;","block_context":{"text":"News","link":"https:\/\/www.maennerchor-ermlitz.de\/?cat=1"},"img":{"alt_text":"","src":"","width":0,"height":0},"classes":[]},{"id":3722,"url":"https:\/\/www.maennerchor-ermlitz.de\/?p=3722","url_meta":{"origin":1537,"position":1},"title":"07.07. Landesgartenschau Burg 2018","author":"Administrator","date":"19. Juli 2018","format":false,"excerpt":"Der \"M\u00e4nnerchor Ermlitz e.V.\" war unter Leitung von Erik Schober mit einem Konzert auf der Landesgartenschau in Burg vertreten. Es fand an der Weinlaube des Weinberges bei gutem Wein und herrlichem Wetter statt. Dem Umstand geschuldet ist das Konzert mit dem Weinlied \u201eAus der Traube in die Tonne\u201c er\u00f6ffnet worden.\u2026","rel":"","context":"In &quot;News&quot;","block_context":{"text":"News","link":"https:\/\/www.maennerchor-ermlitz.de\/?cat=1"},"img":{"alt_text":"","src":"https:\/\/i0.wp.com\/www.maennerchor-ermlitz.de\/wp-content\/uploads\/P1050068.jpg?resize=350%2C200","width":350,"height":200,"srcset":"https:\/\/i0.wp.com\/www.maennerchor-ermlitz.de\/wp-content\/uploads\/P1050068.jpg?resize=350%2C200 1x, https:\/\/i0.wp.com\/www.maennerchor-ermlitz.de\/wp-content\/uploads\/P1050068.jpg?resize=525%2C300 1.5x, https:\/\/i0.wp.com\/www.maennerchor-ermlitz.de\/wp-content\/uploads\/P1050068.jpg?resize=700%2C400 2x"},"classes":[]},{"id":1460,"url":"https:\/\/www.maennerchor-ermlitz.de\/?p=1460","url_meta":{"origin":1537,"position":2},"title":"Trommeln, Singen, Tanzen f\u00fcr einen guten Zweck &#8211; Benefiz-Konzert f\u00fcr Ebola-Waisen","author":"Administrator","date":"3. M\u00e4rz 2015","format":false,"excerpt":"Im Jahr 2014 war sie das Thema Nummer 1 in den Medien. Inzwischen ist die Ebola-Epidemie in Afrika nahezu in Vergessenheit geraten. Nicht f\u00fcr uns! Gemeinsam mit internationalen K\u00fcnstlern, aber auch Vereinen der Gemeinde beteiligt sich der M\u00e4nnerchor Ermlitz e.V. am 11. April 2015 an einem Benefinzkonzert, um ein Kinderhilfsprojekt\u2026","rel":"","context":"In &quot;News&quot;","block_context":{"text":"News","link":"https:\/\/www.maennerchor-ermlitz.de\/?cat=1"},"img":{"alt_text":"Scan0001","src":"https:\/\/i0.wp.com\/www.maennerchor-ermlitz.de\/wp-content\/uploads\/Scan0001-211x300.jpg?resize=350%2C200","width":350,"height":200},"classes":[]},{"id":1779,"url":"https:\/\/www.maennerchor-ermlitz.de\/?p=1779","url_meta":{"origin":1537,"position":3},"title":"25.05. M\u00e4nnertag im M\u00e4nnerchor Ermlitz","author":"Administrator","date":"16. Juni 2017","format":false,"excerpt":"Im M\u00e4nnerchor Ermlitz wird nicht nur gesungen, sondern auch gefeiert. Es ist bereits zur festen Tradition geworden, dass sich die S\u00e4nger am Himmelfahrtstag in geselliger Runde zusammen finden. F\u00fcr das leibliche Wohl hat wie immer der Vorstand des Chores gesorgt.","rel":"","context":"In &quot;News&quot;","block_context":{"text":"News","link":"https:\/\/www.maennerchor-ermlitz.de\/?cat=1"},"img":{"alt_text":"","src":"","width":0,"height":0},"classes":[]},{"id":4912,"url":"https:\/\/www.maennerchor-ermlitz.de\/?p=4912","url_meta":{"origin":1537,"position":4},"title":"KONZERTANK\u00dcNDIGUNG: 01.06.2019 &#8211; Gemeinsames Konzert mit dem Frauenchor Ermlitz zum Tag der offenen T\u00fcr der FFW Ermlitz","author":"Administrator","date":"11. April 2019","format":false,"excerpt":"Anl\u00e4sslich des 85. Jubil\u00e4ums der Freiwilligen Feuerwehr Ermlitz veranstaltet diese am 01.06.2019 ihren Tag der offenen T\u00fcr. Im Rahmenprogramm der Veranstaltung l\u00e4dt auch der M\u00e4nnerchor Ermlitz e.V. um 14 Uhr zu einem gemeinsamen Konzert mit dem Frauenchor Ermlitz ein. Veranstaltungsort ist das Vereinsgel\u00e4nde der Freiwilligen Feuerwehr Ermlitz (ehemaliger Campingplatz am\u2026","rel":"","context":"In &quot;News&quot;","block_context":{"text":"News","link":"https:\/\/www.maennerchor-ermlitz.de\/?cat=1"},"img":{"alt_text":"","src":"","width":0,"height":0},"classes":[]},{"id":1485,"url":"https:\/\/www.maennerchor-ermlitz.de\/?p=1485","url_meta":{"origin":1537,"position":5},"title":"11. 04. Benefizkonzert 2015","author":"Administrator","date":"3. Juni 2015","format":false,"excerpt":"Man mag ja glauben, dass die Sangesbr\u00fcder des M\u00e4nnerchor Ermlitz e.V. die regelm\u00e4\u00dfigen Konzerte veranstaltet, um Ihnen als Publikum ein unterhaltsames Kulturprogramm zu bieten. Dass der Chor mit seinem Gesang durchaus aber auch etwas Gutes tun kann, hat dieser am 11. April 2015 eindrucksvoll mit seinem Benefizkonzert bewiesen. Hintergrund f\u00fcr\u2026","rel":"","context":"In &quot;News&quot;","block_context":{"text":"News","link":"https:\/\/www.maennerchor-ermlitz.de\/?cat=1"},"img":{"alt_text":"","src":"https:\/\/i0.wp.com\/www.maennerchor-ermlitz.de\/wp-content\/uploads\/Scan0001.jpg?fit=846%2C1200&ssl=1&resize=350%2C200","width":350,"height":200,"srcset":"https:\/\/i0.wp.com\/www.maennerchor-ermlitz.de\/wp-content\/uploads\/Scan0001.jpg?fit=846%2C1200&ssl=1&resize=350%2C200 1x, https:\/\/i0.wp.com\/www.maennerchor-ermlitz.de\/wp-content\/uploads\/Scan0001.jpg?fit=846%2C1200&ssl=1&resize=525%2C300 1.5x, https:\/\/i0.wp.com\/www.maennerchor-ermlitz.de\/wp-content\/uploads\/Scan0001.jpg?fit=846%2C1200&ssl=1&resize=700%2C400 2x"},"classes":[]}],"_links":{"self":[{"href":"https:\/\/www.maennerchor-ermlitz.de\/index.php?rest_route=\/wp\/v2\/posts\/1537","targetHints":{"allow":["GET"]}}],"collection":[{"href":"https:\/\/www.maennerchor-ermlitz.de\/index.php?rest_route=\/wp\/v2\/posts"}],"about":[{"href":"https:\/\/www.maennerchor-ermlitz.de\/index.php?rest_route=\/wp\/v2\/types\/post"}],"author":[{"embeddable":true,"href":"https:\/\/www.maennerchor-ermlitz.de\/index.php?rest_route=\/wp\/v2\/users\/1"}],"replies":[{"embeddable":true,"href":"https:\/\/www.maennerchor-ermlitz.de\/index.php?rest_route=%2Fwp%2Fv2%2Fcomments&post=1537"}],"version-history":[{"count":2,"href":"https:\/\/www.maennerchor-ermlitz.de\/index.php?rest_route=\/wp\/v2\/posts\/1537\/revisions"}],"predecessor-version":[{"id":1549,"href":"https:\/\/www.maennerchor-ermlitz.de\/index.php?rest_route=\/wp\/v2\/posts\/1537\/revisions\/1549"}],"wp:featuredmedia":[{"embeddable":true,"href":"https:\/\/www.maennerchor-ermlitz.de\/index.php?rest_route=\/wp\/v2\/media\/1541"}],"wp:attachment":[{"href":"https:\/\/www.maennerchor-ermlitz.de\/index.php?rest_route=%2Fwp%2Fv2%2Fmedia&parent=1537"}],"wp:term":[{"taxonomy":"category","embeddable":true,"href":"https:\/\/www.maennerchor-ermlitz.de\/index.php?rest_route=%2Fwp%2Fv2%2Fcategories&post=1537"},{"taxonomy":"post_tag","embeddable":true,"href":"https:\/\/www.maennerchor-ermlitz.de\/index.php?rest_route=%2Fwp%2Fv2%2Ftags&post=1537"}],"curies":[{"name":"wp","href":"https:\/\/api.w.org\/{rel}","templated":true}]}}