{"id":1557,"date":"2015-12-20T14:16:54","date_gmt":"2015-12-20T13:16:54","guid":{"rendered":"http:\/\/www.maennerchor-ermlitz.de\/?p=1557"},"modified":"2015-12-20T14:16:54","modified_gmt":"2015-12-20T13:16:54","slug":"der-maennerchor-ermlitz-e-v-wuenscht-froehliche-weihnachten-und-alles-gute-fuer-2016","status":"publish","type":"post","link":"https:\/\/www.maennerchor-ermlitz.de\/?p=1557","title":{"rendered":"Der M\u00e4nnerchor Ermlitz e.V. w\u00fcnscht fr\u00f6hliche Weihnachten und alles Gute f\u00fcr 2016"},"content":{"rendered":"<p style=\"text-align: center;\"><img data-recalc-dims=\"1\" loading=\"lazy\" decoding=\"async\" data-attachment-id=\"1359\" data-permalink=\"https:\/\/www.maennerchor-ermlitz.de\/?attachment_id=1359\" data-orig-file=\"https:\/\/i0.wp.com\/www.maennerchor-ermlitz.de\/wp-content\/uploads\/XMAS_MCE.jpg?fit=900%2C495&amp;ssl=1\" data-orig-size=\"900,495\" data-comments-opened=\"1\" data-image-meta=\"{&quot;aperture&quot;:&quot;0&quot;,&quot;credit&quot;:&quot;&quot;,&quot;camera&quot;:&quot;&quot;,&quot;caption&quot;:&quot;&quot;,&quot;created_timestamp&quot;:&quot;1319981485&quot;,&quot;copyright&quot;:&quot;&quot;,&quot;focal_length&quot;:&quot;0&quot;,&quot;iso&quot;:&quot;0&quot;,&quot;shutter_speed&quot;:&quot;0&quot;,&quot;title&quot;:&quot;bilder kostenlos weihnachten&quot;,&quot;orientation&quot;:&quot;1&quot;}\" data-image-title=\"\" data-image-description=\"\" data-image-caption=\"\" data-large-file=\"https:\/\/i0.wp.com\/www.maennerchor-ermlitz.de\/wp-content\/uploads\/XMAS_MCE.jpg?fit=900%2C495&amp;ssl=1\" class=\"alignnone size-full wp-image-1359\" src=\"https:\/\/i0.wp.com\/www.maennerchor-ermlitz.de\/wp-content\/uploads\/XMAS_MCE.jpg?resize=900%2C495\" alt=\"bilder kostenlos weihnachten\" width=\"900\" height=\"495\" srcset=\"https:\/\/i0.wp.com\/www.maennerchor-ermlitz.de\/wp-content\/uploads\/XMAS_MCE.jpg?w=900&amp;ssl=1 900w, https:\/\/i0.wp.com\/www.maennerchor-ermlitz.de\/wp-content\/uploads\/XMAS_MCE.jpg?resize=300%2C165&amp;ssl=1 300w\" sizes=\"auto, (max-width: 900px) 100vw, 900px\" \/><\/p>\n<p>Der M\u00e4nnerchor Ermlitz w\u00fcnscht allen Freunden des M\u00e4nnerchores Ermlitz besinnliche Lieder, manch liebes Wort, tiefe Sehnsucht,ein trauter Ort.<br \/>\nGedanken die voll Liebe klingen und in alle Herzen schwingen.<\/p>\n<p>Wir w\u00fcnschen Ihnen zur Weihnachtszeit, Ruhe, Liebe und Fr\u00f6hlichkeit.<\/p>\n<p>Sowie einen guten Start ins neue Jahr.<\/p>\n<p>Sangesfreunde<br \/>\ndes M\u00e4nnerchores Ermlitz<\/p>\n","protected":false},"excerpt":{"rendered":"<p>Der M\u00e4nnerchor Ermlitz w\u00fcnscht allen Freunden des M\u00e4nnerchores Ermlitz besinnliche Lieder, manch liebes Wort, tiefe Sehnsucht,ein trauter Ort. Gedanken die voll Liebe klingen und in alle Herzen schwingen. Wir w\u00fcnschen Ihnen zur Weihnachtszeit, Ruhe, Liebe und Fr\u00f6hlichkeit. Sowie einen guten Start ins neue Jahr. Sangesfreunde des M\u00e4nnerchores Ermlitz<\/p>\n","protected":false},"author":1,"featured_media":1359,"comment_status":"open","ping_status":"open","sticky":false,"template":"","format":"standard","meta":{"jetpack_post_was_ever_published":false,"_jetpack_newsletter_access":"","_jetpack_dont_email_post_to_subs":false,"_jetpack_newsletter_tier_id":0,"_jetpack_memberships_contains_paywalled_content":false,"_jetpack_memberships_contains_paid_content":false,"footnotes":"","jetpack_publicize_message":"","jetpack_publicize_feature_enabled":true,"jetpack_social_post_already_shared":true,"jetpack_social_options":{"image_generator_settings":{"template":"highway","default_image_id":0,"font":"","enabled":false},"version":2}},"categories":[1],"tags":[69,39,68],"class_list":["post-1557","post","type-post","status-publish","format-standard","has-post-thumbnail","hentry","category-news","tag-69","tag-maennerchor-ermlitz-e-v","tag-weihnachtsgruss"],"jetpack_publicize_connections":[],"jetpack_featured_media_url":"https:\/\/i0.wp.com\/www.maennerchor-ermlitz.de\/wp-content\/uploads\/XMAS_MCE.jpg?fit=900%2C495&ssl=1","jetpack_sharing_enabled":true,"jetpack_shortlink":"https:\/\/wp.me\/p5m6MX-p7","jetpack-related-posts":[{"id":4208,"url":"https:\/\/www.maennerchor-ermlitz.de\/?p=4208","url_meta":{"origin":1557,"position":0},"title":"Der M\u00e4nnerchor Ermlitz w\u00fcnscht Frohe Weihnachten und alles Gute f\u00fcr 2019!","author":"Administrator","date":"23. Dezember 2018","format":false,"excerpt":"Und wieder ist ein Jahr vorbei. Und der M\u00e4nnerchor Ermlitz e.V. blickt auf ein ereignisreiches Jahr 2018 zur\u00fcck. So k\u00f6nnen wir auch in diesem Jahr wieder auf tolle Highlights zur\u00fcck blicken, in denen der Chor seine G\u00e4ste und Freunde musikalisch verzauberte. Da waren zum Beispiel das Pop- & Filmmusik-Konzert am\u2026","rel":"","context":"In &quot;News&quot;","block_context":{"text":"News","link":"https:\/\/www.maennerchor-ermlitz.de\/?cat=1"},"img":{"alt_text":"","src":"https:\/\/i0.wp.com\/www.maennerchor-ermlitz.de\/wp-content\/uploads\/XMAS_MCE.jpg?fit=900%2C495&ssl=1&resize=350%2C200","width":350,"height":200,"srcset":"https:\/\/i0.wp.com\/www.maennerchor-ermlitz.de\/wp-content\/uploads\/XMAS_MCE.jpg?fit=900%2C495&ssl=1&resize=350%2C200 1x, https:\/\/i0.wp.com\/www.maennerchor-ermlitz.de\/wp-content\/uploads\/XMAS_MCE.jpg?fit=900%2C495&ssl=1&resize=525%2C300 1.5x, https:\/\/i0.wp.com\/www.maennerchor-ermlitz.de\/wp-content\/uploads\/XMAS_MCE.jpg?fit=900%2C495&ssl=1&resize=700%2C400 2x"},"classes":[]},{"id":1909,"url":"https:\/\/www.maennerchor-ermlitz.de\/?p=1909","url_meta":{"origin":1557,"position":1},"title":"Der M\u00e4nnerchor Ermlitz e.V. w\u00fcnscht frohe Weihnachten!","author":"Administrator","date":"24. Dezember 2017","format":false,"excerpt":"Wieder ist ein Konzertjahr vorbei. Der M\u00e4nnerchor hat Sie zu vielen verschiedenen Anl\u00e4ssen durch das vergangene Jahr begleiten d\u00fcrfen. Auch im kommenden Jahr m\u00f6chten wir Ihnen zu den verschiedenen kulturellen Anl\u00e4ssen Gelegenheit geben, den Kl\u00e4ngen des M\u00e4nnerchor Ermlitz e.V. geben. Daf\u00fcr arbeiten wir bereits am Programm f\u00fcr das Konzertjahr 2018.\u2026","rel":"","context":"In &quot;News&quot;","block_context":{"text":"News","link":"https:\/\/www.maennerchor-ermlitz.de\/?cat=1"},"img":{"alt_text":"","src":"https:\/\/i0.wp.com\/www.maennerchor-ermlitz.de\/wp-content\/uploads\/XMAS_MCE.jpg?resize=350%2C200&ssl=1","width":350,"height":200,"srcset":"https:\/\/i0.wp.com\/www.maennerchor-ermlitz.de\/wp-content\/uploads\/XMAS_MCE.jpg?resize=350%2C200&ssl=1 1x, https:\/\/i0.wp.com\/www.maennerchor-ermlitz.de\/wp-content\/uploads\/XMAS_MCE.jpg?resize=525%2C300&ssl=1 1.5x, https:\/\/i0.wp.com\/www.maennerchor-ermlitz.de\/wp-content\/uploads\/XMAS_MCE.jpg?resize=700%2C400&ssl=1 2x"},"classes":[]},{"id":1358,"url":"https:\/\/www.maennerchor-ermlitz.de\/?p=1358","url_meta":{"origin":1557,"position":2},"title":"Der M\u00e4nnerchor w\u00fcnscht frohe Weihnachten und alles Gute f\u00fcr 2015!","author":"Administrator","date":"23. Dezember 2014","format":false,"excerpt":"Die besinnlichen Tage stehen vor der T\u00fcr und jeder ist froh, wenn er die kommenden Tage im Kreise seiner Lieben genie\u00dfen kann. Mit unseren Adventskonzerten an den vergangenen Adventswochenenden haben wir Sie hoffentlich gut auf die bevorstehenden Festtage einstimmen k\u00f6nnen. Wir m\u00f6chten uns an dieser Stelle noch einmal f\u00fcr die\u2026","rel":"","context":"In &quot;News&quot;","block_context":{"text":"News","link":"https:\/\/www.maennerchor-ermlitz.de\/?cat=1"},"img":{"alt_text":"","src":"https:\/\/i0.wp.com\/www.maennerchor-ermlitz.de\/wp-content\/uploads\/XMAS_MCE.jpg?fit=900%2C495&ssl=1&resize=350%2C200","width":350,"height":200,"srcset":"https:\/\/i0.wp.com\/www.maennerchor-ermlitz.de\/wp-content\/uploads\/XMAS_MCE.jpg?fit=900%2C495&ssl=1&resize=350%2C200 1x, https:\/\/i0.wp.com\/www.maennerchor-ermlitz.de\/wp-content\/uploads\/XMAS_MCE.jpg?fit=900%2C495&ssl=1&resize=525%2C300 1.5x, https:\/\/i0.wp.com\/www.maennerchor-ermlitz.de\/wp-content\/uploads\/XMAS_MCE.jpg?fit=900%2C495&ssl=1&resize=700%2C400 2x"},"classes":[]},{"id":1687,"url":"https:\/\/www.maennerchor-ermlitz.de\/?p=1687","url_meta":{"origin":1557,"position":3},"title":"Weihnachtsgr\u00fc\u00dfe des &#8222;M\u00e4nnerchor Ermlitz e.V.&#8220;","author":"Administrator","date":"15. Dezember 2016","format":false,"excerpt":"Das Jahr neigt sich dem Ende zu. Wir wollen dies zum Anlass nehmen, uns bei allen Freunden des Gesangs zu bedanken. Auch zu den Konzerten im kommenden Jahr freuen wir uns auf Ihren Besuch. Besinnliche Weihnachtsfeiertage und die besten W\u00fcnsche f\u00fcr ein gesundes und erfolgreiches Jahr 2017. M\u00e4nnerchor Ermlitz e.V.","rel":"","context":"In &quot;News&quot;","block_context":{"text":"News","link":"https:\/\/www.maennerchor-ermlitz.de\/?cat=1"},"img":{"alt_text":"","src":"https:\/\/i0.wp.com\/www.maennerchor-ermlitz.de\/wp-content\/uploads\/XMAS_MCE.jpg?resize=350%2C200","width":350,"height":200,"srcset":"https:\/\/i0.wp.com\/www.maennerchor-ermlitz.de\/wp-content\/uploads\/XMAS_MCE.jpg?resize=350%2C200 1x, https:\/\/i0.wp.com\/www.maennerchor-ermlitz.de\/wp-content\/uploads\/XMAS_MCE.jpg?resize=525%2C300 1.5x, https:\/\/i0.wp.com\/www.maennerchor-ermlitz.de\/wp-content\/uploads\/XMAS_MCE.jpg?resize=700%2C400 2x"},"classes":[]},{"id":5820,"url":"https:\/\/www.maennerchor-ermlitz.de\/?p=5820","url_meta":{"origin":1557,"position":4},"title":"Weihnachtsgr\u00fc\u00dfe des M\u00e4nnerchor Ermlitz e.V.","author":"Administrator","date":"19. Dezember 2021","format":false,"excerpt":"Ein Jahr mit wenigen Auftritten neigt sich dem Ende zu. Wir wollen dies zum Anlass nehmen, uns bei allen Freunden des Gesangs f\u00fcr ihre Treue zu bedanken. Zu den hoffentlich in gr\u00f6\u00dferer Anzahl stattfindenden Konzerten im kommenden Jahr 2022, freuen wir uns auf Ihren Besuch. Dank f\u00fcr die gute Zusammenarbeit\u2026","rel":"","context":"In &quot;News&quot;","block_context":{"text":"News","link":"https:\/\/www.maennerchor-ermlitz.de\/?cat=1"},"img":{"alt_text":"","src":"https:\/\/i0.wp.com\/www.maennerchor-ermlitz.de\/wp-content\/uploads\/XMAS_MCE.jpg?resize=350%2C200&ssl=1","width":350,"height":200,"srcset":"https:\/\/i0.wp.com\/www.maennerchor-ermlitz.de\/wp-content\/uploads\/XMAS_MCE.jpg?resize=350%2C200&ssl=1 1x, https:\/\/i0.wp.com\/www.maennerchor-ermlitz.de\/wp-content\/uploads\/XMAS_MCE.jpg?resize=525%2C300&ssl=1 1.5x, https:\/\/i0.wp.com\/www.maennerchor-ermlitz.de\/wp-content\/uploads\/XMAS_MCE.jpg?resize=700%2C400&ssl=1 2x"},"classes":[]},{"id":5512,"url":"https:\/\/www.maennerchor-ermlitz.de\/?p=5512","url_meta":{"origin":1557,"position":5},"title":"22.12. Adventskonzert in der Dorfkirche Ermlitz","author":"Administrator","date":"26. Dezember 2019","format":false,"excerpt":"Zum diesj\u00e4hrigen Adventskonzert stimmten gemeinsam der M\u00e4nner- und Frauenchor Ermlitz auf die besinnliche Weihnachtszeit ein. Das Konzert war sehr gut besucht. Nach der Begr\u00fc\u00dfung durch Pfarrerin Frau B\u00f6hme sangen die Ch\u00f6re einzeln und gemeinsam klassische und moderne Weihnachtslieder. Bei den Liedern \u201eAlle Jahre wieder\u201c und \u201eO du Fr\u00f6hliche\u201c waren die\u2026","rel":"","context":"In &quot;News&quot;","block_context":{"text":"News","link":"https:\/\/www.maennerchor-ermlitz.de\/?cat=1"},"img":{"alt_text":"","src":"https:\/\/i0.wp.com\/www.maennerchor-ermlitz.de\/wp-content\/uploads\/IMG_1087-scaled.jpg?resize=350%2C200","width":350,"height":200,"srcset":"https:\/\/i0.wp.com\/www.maennerchor-ermlitz.de\/wp-content\/uploads\/IMG_1087-scaled.jpg?resize=350%2C200 1x, https:\/\/i0.wp.com\/www.maennerchor-ermlitz.de\/wp-content\/uploads\/IMG_1087-scaled.jpg?resize=525%2C300 1.5x, https:\/\/i0.wp.com\/www.maennerchor-ermlitz.de\/wp-content\/uploads\/IMG_1087-scaled.jpg?resize=700%2C400 2x, https:\/\/i0.wp.com\/www.maennerchor-ermlitz.de\/wp-content\/uploads\/IMG_1087-scaled.jpg?resize=1050%2C600 3x, https:\/\/i0.wp.com\/www.maennerchor-ermlitz.de\/wp-content\/uploads\/IMG_1087-scaled.jpg?resize=1400%2C800 4x"},"classes":[]}],"_links":{"self":[{"href":"https:\/\/www.maennerchor-ermlitz.de\/index.php?rest_route=\/wp\/v2\/posts\/1557","targetHints":{"allow":["GET"]}}],"collection":[{"href":"https:\/\/www.maennerchor-ermlitz.de\/index.php?rest_route=\/wp\/v2\/posts"}],"about":[{"href":"https:\/\/www.maennerchor-ermlitz.de\/index.php?rest_route=\/wp\/v2\/types\/post"}],"author":[{"embeddable":true,"href":"https:\/\/www.maennerchor-ermlitz.de\/index.php?rest_route=\/wp\/v2\/users\/1"}],"replies":[{"embeddable":true,"href":"https:\/\/www.maennerchor-ermlitz.de\/index.php?rest_route=%2Fwp%2Fv2%2Fcomments&post=1557"}],"version-history":[{"count":1,"href":"https:\/\/www.maennerchor-ermlitz.de\/index.php?rest_route=\/wp\/v2\/posts\/1557\/revisions"}],"predecessor-version":[{"id":1558,"href":"https:\/\/www.maennerchor-ermlitz.de\/index.php?rest_route=\/wp\/v2\/posts\/1557\/revisions\/1558"}],"wp:featuredmedia":[{"embeddable":true,"href":"https:\/\/www.maennerchor-ermlitz.de\/index.php?rest_route=\/wp\/v2\/media\/1359"}],"wp:attachment":[{"href":"https:\/\/www.maennerchor-ermlitz.de\/index.php?rest_route=%2Fwp%2Fv2%2Fmedia&parent=1557"}],"wp:term":[{"taxonomy":"category","embeddable":true,"href":"https:\/\/www.maennerchor-ermlitz.de\/index.php?rest_route=%2Fwp%2Fv2%2Fcategories&post=1557"},{"taxonomy":"post_tag","embeddable":true,"href":"https:\/\/www.maennerchor-ermlitz.de\/index.php?rest_route=%2Fwp%2Fv2%2Ftags&post=1557"}],"curies":[{"name":"wp","href":"https:\/\/api.w.org\/{rel}","templated":true}]}}