{"id":1570,"date":"2016-02-15T18:27:53","date_gmt":"2016-02-15T17:27:53","guid":{"rendered":"http:\/\/www.maennerchor-ermlitz.de\/?p=1570"},"modified":"2016-02-15T18:27:53","modified_gmt":"2016-02-15T17:27:53","slug":"02-02-jahreshauptversammlung","status":"publish","type":"post","link":"https:\/\/www.maennerchor-ermlitz.de\/?p=1570","title":{"rendered":"02.02. Jahreshauptversammlung"},"content":{"rendered":"<p>Der 1. Vereinsvorsitzende hat Rechenschaft \u00fcber die geleistete Arbeit des M\u00e4nnerchores Ermlitz e. V. im Wirtschaftsjahr 2015 gelegt.<br \/>\nVor seinen Ausf\u00fchrungen wurde mit einer Schweigeminute an den verstorbenen Sangesfreund J\u00fcrgen Bringezu und ehemaligen Chorleiter Ronald Drescher gedacht.<\/p>\n<p>Im Namen des Vorstandes dankte der 1. Vereinsvorsitzende dem Chorleiter Erik Schober, allen Sangesfreunden, f\u00f6rdernden Mitgliedern und Sponsoren f\u00fcr die geleistete Arbeit bei den Proben und Auftritten.<\/p>\n<p>Es wurden 46 \u00dcbungsstunden durchgef\u00fchrt. An den Proben nahmen von 33 aktiven Sangesfreunden durchschnittlich 25 S\u00e4nger teil. 9 f\u00f6rdernde Mitglieder unterst\u00fctzten den Chor dankenswerterweise. Um das Vereinsleben zu koordinieren und abzusichern wurden durch den Vorstand 6 Beratungen durchgef\u00fchrt.<br \/>\nZu 10 Auftritten unterschiedlichster Anl\u00e4sse konnte der Chor sein erarbeitetes Liedgut pr\u00e4sentieren. Weiterhin f\u00fchrte der Chor 2 Chorvergn\u00fcgen durch, die allj\u00e4hrliche<br \/>\nM\u00e4nnertagsfeier und die Vereinsfahrt nach Erfurt mit Frauen.<\/p>\n<p>Der Hauptkassierer hat f\u00fcr das Wirtschaftjahr 2015 in seinem Bericht eine positive Bilanz ausgewiesen. Von der Revisionskommission wurde eine ordentliche Kassenf\u00fchrung<br \/>\nbescheinigt. Damit konnte dem gesamten Vorstand die Entlastung f\u00fcr das Wirtschaftsjahr2015 erteilt werden.<br \/>\nEinstimmig wurde der neue Vorstand mit Siegmund Weinert 1. Vereinsvorsitzender, Bodo Joost 2. Vereinsvorsitzender, J\u00fcrgen Dienwebel Kassenwart, Hans-Dieter J\u00f6stel<br \/>\nSchriftf\u00fchrer und Reiner K\u00f6dter Notenwart gew\u00e4hlt.<\/p>\n<p>Dank wurde dem ehemaligen Kassenwart Sangesfreund Gottfried Tittmann f\u00fcr seine geleistete Arbeit in dieser Funktion, die er seit 2002 ausge\u00fcbt hat, ausgesprochen.<br \/>\nRechenschaftslegungen sind auch Anlass zu Ehrungen. F\u00fcr langj\u00e4hrige Mitgliedschaft im M\u00e4nnerchor Ermlitz wurden die Sangesfreunde Gerd M\u00f6ritz mit 30 Jahren, Siegmund<br \/>\nWeinert mit 25 Jahren und Felix Meyer mit 20 Jahren geehrt.<\/p>\n","protected":false},"excerpt":{"rendered":"<p>Der 1. Vereinsvorsitzende hat Rechenschaft \u00fcber die geleistete Arbeit des M\u00e4nnerchores Ermlitz e. V. im Wirtschaftsjahr 2015 gelegt. Vor seinen Ausf\u00fchrungen wurde mit einer Schweigeminute an den verstorbenen Sangesfreund J\u00fcrgen Bringezu und ehemaligen Chorleiter Ronald Drescher gedacht. Im Namen des Vorstandes dankte der 1. Vereinsvorsitzende dem Chorleiter Erik Schober, allen Sangesfreunden, f\u00f6rdernden Mitgliedern und Sponsoren [&hellip;]<\/p>\n","protected":false},"author":1,"featured_media":0,"comment_status":"open","ping_status":"open","sticky":false,"template":"","format":"standard","meta":{"jetpack_post_was_ever_published":false,"_jetpack_newsletter_access":"","_jetpack_dont_email_post_to_subs":false,"_jetpack_newsletter_tier_id":0,"_jetpack_memberships_contains_paywalled_content":false,"_jetpack_memberships_contains_paid_content":false,"footnotes":"","jetpack_publicize_message":"","jetpack_publicize_feature_enabled":true,"jetpack_social_post_already_shared":true,"jetpack_social_options":{"image_generator_settings":{"template":"highway","default_image_id":0,"font":"","enabled":false},"version":2}},"categories":[1],"tags":[36,39],"class_list":["post-1570","post","type-post","status-publish","format-standard","hentry","category-news","tag-jahreshauptversammlung","tag-maennerchor-ermlitz-e-v"],"jetpack_publicize_connections":[],"jetpack_featured_media_url":"","jetpack_sharing_enabled":true,"jetpack_shortlink":"https:\/\/wp.me\/p5m6MX-pk","jetpack-related-posts":[{"id":1439,"url":"https:\/\/www.maennerchor-ermlitz.de\/?p=1439","url_meta":{"origin":1570,"position":0},"title":"03.02. Jahreshauptversammlung","author":"Administrator","date":"9. Februar 2015","format":false,"excerpt":"Der 1. Vereinsvorsitzende hat Rechenschaft \u00fcber die geleistete Arbeit des Chores im Wirtschaftsjahr 2014 gelegt. Im Namen des Vorstandes bedankte er sich f\u00fcr die geleistete Arbeit beim Chorleiter Erik Schober, allen Sangesfreunden, f\u00f6rdernden Mitgliedern und Sponsoren. Im Jahr 2014 f\u00fchrte der Chor 45 \u00dcbungsstunden durch. Um das Vereinsleben zu koordinieren\u2026","rel":"","context":"In &quot;News&quot;","block_context":{"text":"News","link":"https:\/\/www.maennerchor-ermlitz.de\/?cat=1"},"img":{"alt_text":"","src":"https:\/\/i0.wp.com\/www.maennerchor-ermlitz.de\/wp-content\/uploads\/2015-02-03-20.16.00.jpg?resize=350%2C200","width":350,"height":200,"srcset":"https:\/\/i0.wp.com\/www.maennerchor-ermlitz.de\/wp-content\/uploads\/2015-02-03-20.16.00.jpg?resize=350%2C200 1x, https:\/\/i0.wp.com\/www.maennerchor-ermlitz.de\/wp-content\/uploads\/2015-02-03-20.16.00.jpg?resize=525%2C300 1.5x, https:\/\/i0.wp.com\/www.maennerchor-ermlitz.de\/wp-content\/uploads\/2015-02-03-20.16.00.jpg?resize=700%2C400 2x, https:\/\/i0.wp.com\/www.maennerchor-ermlitz.de\/wp-content\/uploads\/2015-02-03-20.16.00.jpg?resize=1050%2C600 3x, https:\/\/i0.wp.com\/www.maennerchor-ermlitz.de\/wp-content\/uploads\/2015-02-03-20.16.00.jpg?resize=1400%2C800 4x"},"classes":[]},{"id":5584,"url":"https:\/\/www.maennerchor-ermlitz.de\/?p=5584","url_meta":{"origin":1570,"position":1},"title":"10.02. Jahreshauptversammlung","author":"Administrator","date":"18. Februar 2020","format":false,"excerpt":"Der 2. Vereinsvorsitzende Bodo Joost hat Rechenschaft \u00fcber die geleistet Arbeit des Chores im Jahr 2019 gelegt. Zu Beginn der Versammlung wurde mit einer Schweigeminute an die verstorbenen Sangesfreunde Joachim Fiedler, J\u00fcrgen Rauch und G\u00fcnther Engelmann gedacht. Der Chor hat 28 aktive Sangesfreunde. Er wird von 7 passiven f\u00f6rdernden Mitgliedern\u2026","rel":"","context":"In &quot;News&quot;","block_context":{"text":"News","link":"https:\/\/www.maennerchor-ermlitz.de\/?cat=1"},"img":{"alt_text":"","src":"https:\/\/i0.wp.com\/www.maennerchor-ermlitz.de\/wp-content\/uploads\/20200210_194742-scaled.jpg?resize=350%2C200","width":350,"height":200,"srcset":"https:\/\/i0.wp.com\/www.maennerchor-ermlitz.de\/wp-content\/uploads\/20200210_194742-scaled.jpg?resize=350%2C200 1x, https:\/\/i0.wp.com\/www.maennerchor-ermlitz.de\/wp-content\/uploads\/20200210_194742-scaled.jpg?resize=525%2C300 1.5x, https:\/\/i0.wp.com\/www.maennerchor-ermlitz.de\/wp-content\/uploads\/20200210_194742-scaled.jpg?resize=700%2C400 2x, https:\/\/i0.wp.com\/www.maennerchor-ermlitz.de\/wp-content\/uploads\/20200210_194742-scaled.jpg?resize=1050%2C600 3x, https:\/\/i0.wp.com\/www.maennerchor-ermlitz.de\/wp-content\/uploads\/20200210_194742-scaled.jpg?resize=1400%2C800 4x"},"classes":[]},{"id":2081,"url":"https:\/\/www.maennerchor-ermlitz.de\/?p=2081","url_meta":{"origin":1570,"position":2},"title":"06.02.  Jahreshauptversammlung","author":"Administrator","date":"26. Februar 2018","format":false,"excerpt":"Der 1. Vereinsvorsitzende Siegmund Weinert hat Rechenschaft \u00fcber die geleistete Arbeit im Wirtschaftsjahr 2017 gelegt. Zu Beginn der Versammlung wurde mit einer Schweigeminute\u00a0 an den verstorbenen Sangesfreund Gerd M\u00f6ritz und an das f\u00f6rdernde Mitglied des Chores Andreas Herzog gedacht. Gerd M\u00f6ritz war 30 Jahre aktives Mitglied des Chores. Es \u00a0wurden\u2026","rel":"","context":"In &quot;News&quot;","block_context":{"text":"News","link":"https:\/\/www.maennerchor-ermlitz.de\/?cat=1"},"img":{"alt_text":"","src":"https:\/\/i0.wp.com\/www.maennerchor-ermlitz.de\/wp-content\/uploads\/002.jpg?resize=350%2C200","width":350,"height":200},"classes":[]},{"id":1746,"url":"https:\/\/www.maennerchor-ermlitz.de\/?p=1746","url_meta":{"origin":1570,"position":3},"title":"14.02. Jahreshauptversammlung","author":"Administrator","date":"23. Februar 2017","format":false,"excerpt":"Der 1.Vereinsvorsitzende Siegmund Weinert hat Rechenschaft \u00fcber die geleistete Arbeit des M\u00e4nnerchores Ermlitz im Jahr 2016 gelegt. Im Namen des Vorstandes dankte er dem Chorleiter Erik Schober, allen Sangesfreunden, f\u00f6rdernden Mitglieder und Sponsoren f\u00fcr die geleistete Arbeit bei den Proben und Auftritten. Die Anzahl der Chorproben betrug 2016 insgesamt 46.\u2026","rel":"","context":"In &quot;News&quot;","block_context":{"text":"News","link":"https:\/\/www.maennerchor-ermlitz.de\/?cat=1"},"img":{"alt_text":"","src":"https:\/\/i0.wp.com\/www.maennerchor-ermlitz.de\/wp-content\/uploads\/1_P1010436.jpg?resize=350%2C200","width":350,"height":200,"srcset":"https:\/\/i0.wp.com\/www.maennerchor-ermlitz.de\/wp-content\/uploads\/1_P1010436.jpg?resize=350%2C200 1x, https:\/\/i0.wp.com\/www.maennerchor-ermlitz.de\/wp-content\/uploads\/1_P1010436.jpg?resize=525%2C300 1.5x, https:\/\/i0.wp.com\/www.maennerchor-ermlitz.de\/wp-content\/uploads\/1_P1010436.jpg?resize=700%2C400 2x"},"classes":[]},{"id":4307,"url":"https:\/\/www.maennerchor-ermlitz.de\/?p=4307","url_meta":{"origin":1570,"position":4},"title":"12.02. Jahreshauptversammlung","author":"Administrator","date":"20. Februar 2019","format":false,"excerpt":"Der 1. Vorsitzende des Chorvorstandes Siegmund Weinert hat Rechenschaft \u00fcber die geleistete Arbeit des Chores im Jahr 2018 abgelegt. Er dankte allen f\u00fcr die geleistete Arbeit. Im Berichtsjahr geh\u00f6rten dem Chor 28 aktive Sangesfreunde an. 10 f\u00f6rdernde Mitglieder unterst\u00fctzen den Chor dankenswerterweise. Es wurden 41 Chorproben durchgef\u00fchrt. Um das Vereinsleben\u2026","rel":"","context":"In &quot;News&quot;","block_context":{"text":"News","link":"https:\/\/www.maennerchor-ermlitz.de\/?cat=1"},"img":{"alt_text":"","src":"","width":0,"height":0},"classes":[]},{"id":5980,"url":"https:\/\/www.maennerchor-ermlitz.de\/?p=5980","url_meta":{"origin":1570,"position":5},"title":"Jahreshauptversammlung am 07. M\u00e4rz 2023","author":"Administrator","date":"6. M\u00e4rz 2023","format":false,"excerpt":"F\u00fcr das Berichtsjahr 2022 wurde am 07.03.23 die Mitgliederversammlung durchgef\u00fchrt. Es wurde Rechenschaft\u00a0 f\u00fcr das zur\u00fcckliegende Jahr abgelegt. Diskutiert wurde \u00fcber die geplanten Veranstaltungen und das Vereinsleben. Begl\u00fcckw\u00fcnscht wurden die Sangesfreunde mit langj\u00e4hriger Mitgliedschaft im Chor. Wie es sich geh\u00f6rt wurde nat\u00fcrlich auch gesungen.","rel":"","context":"In &quot;News&quot;","block_context":{"text":"News","link":"https:\/\/www.maennerchor-ermlitz.de\/?cat=1"},"img":{"alt_text":"","src":"","width":0,"height":0},"classes":[]}],"_links":{"self":[{"href":"https:\/\/www.maennerchor-ermlitz.de\/index.php?rest_route=\/wp\/v2\/posts\/1570","targetHints":{"allow":["GET"]}}],"collection":[{"href":"https:\/\/www.maennerchor-ermlitz.de\/index.php?rest_route=\/wp\/v2\/posts"}],"about":[{"href":"https:\/\/www.maennerchor-ermlitz.de\/index.php?rest_route=\/wp\/v2\/types\/post"}],"author":[{"embeddable":true,"href":"https:\/\/www.maennerchor-ermlitz.de\/index.php?rest_route=\/wp\/v2\/users\/1"}],"replies":[{"embeddable":true,"href":"https:\/\/www.maennerchor-ermlitz.de\/index.php?rest_route=%2Fwp%2Fv2%2Fcomments&post=1570"}],"version-history":[{"count":1,"href":"https:\/\/www.maennerchor-ermlitz.de\/index.php?rest_route=\/wp\/v2\/posts\/1570\/revisions"}],"predecessor-version":[{"id":1571,"href":"https:\/\/www.maennerchor-ermlitz.de\/index.php?rest_route=\/wp\/v2\/posts\/1570\/revisions\/1571"}],"wp:attachment":[{"href":"https:\/\/www.maennerchor-ermlitz.de\/index.php?rest_route=%2Fwp%2Fv2%2Fmedia&parent=1570"}],"wp:term":[{"taxonomy":"category","embeddable":true,"href":"https:\/\/www.maennerchor-ermlitz.de\/index.php?rest_route=%2Fwp%2Fv2%2Fcategories&post=1570"},{"taxonomy":"post_tag","embeddable":true,"href":"https:\/\/www.maennerchor-ermlitz.de\/index.php?rest_route=%2Fwp%2Fv2%2Ftags&post=1570"}],"curies":[{"name":"wp","href":"https:\/\/api.w.org\/{rel}","templated":true}]}}