{"id":1619,"date":"2016-07-17T13:52:57","date_gmt":"2016-07-17T11:52:57","guid":{"rendered":"http:\/\/www.maennerchor-ermlitz.de\/?p=1619"},"modified":"2016-07-17T13:52:57","modified_gmt":"2016-07-17T11:52:57","slug":"ermlitzer-maennerchor-e-v-sucht-nachwuchs","status":"publish","type":"post","link":"https:\/\/www.maennerchor-ermlitz.de\/?p=1619","title":{"rendered":"Ermlitzer M\u00e4nnerchor e.V. sucht Nachwuchs"},"content":{"rendered":"<p>Der Ermlitzer M\u00e4nnerchor hat eine langj\u00e4hrige Tradition. 2014 feierte er sein 90-j\u00e4hriges Bestehen. Fehlender Nachwuchs bedroht zunehmend die Existenz von M\u00e4nnerch\u00f6ren.<br \/>\n\u00dcberalterung und Mitgliederschwund fordern deshalb ein aktives Handeln bei der Nachwuchsgewinnung. Am meisten zwickt es bei den Ten\u00f6ren. Egal ob Tenor oder Bass, wir freuen uns \u00fcber jede Stimme.<br \/>\nSingen macht gl\u00fccklich und gesund. Vorkenntnisse braucht man keine, nur Freude am Gesang. M\u00e4nner traut euch, g\u00f6nnt eurer Frau einen freien Abend. Kommt zum M\u00e4nnerchor Ermlitz. Wir sind ein Chor, der die Zuschauer mitrei\u00dft und unterh\u00e4lt. Wir sind ein Chor der die Kameradschaft und das Vereinsleben pflegt.<\/p>\n<p>Wenn wir Ihr Interesse geweckt haben, sind Sie bei uns genau richtig.<br \/>\nAm besten ist der pers\u00f6nliche Kontakt jeden Dienstag um 19.30 Uhr bei der Chorprobe. Sie finden uns im Clubraum des B\u00fcrgerb\u00fcros der Gemeinde Schkopau OT Ermlitz, Pestalozzistr. 23 neben dem Kindergarten.<\/p>\n<p>Der Vorstand<br \/>\nErmlitzer M\u00e4nnerchor e.V.<\/p>\n","protected":false},"excerpt":{"rendered":"<p>Der Ermlitzer M\u00e4nnerchor hat eine langj\u00e4hrige Tradition. 2014 feierte er sein 90-j\u00e4hriges Bestehen. Fehlender Nachwuchs bedroht zunehmend die Existenz von M\u00e4nnerch\u00f6ren. \u00dcberalterung und Mitgliederschwund fordern deshalb ein aktives Handeln bei der Nachwuchsgewinnung. Am meisten zwickt es bei den Ten\u00f6ren. Egal ob Tenor oder Bass, wir freuen uns \u00fcber jede Stimme. Singen macht gl\u00fccklich und gesund. [&hellip;]<\/p>\n","protected":false},"author":1,"featured_media":546,"comment_status":"open","ping_status":"open","sticky":false,"template":"","format":"standard","meta":{"jetpack_post_was_ever_published":false,"_jetpack_newsletter_access":"","_jetpack_dont_email_post_to_subs":false,"_jetpack_newsletter_tier_id":0,"_jetpack_memberships_contains_paywalled_content":false,"_jetpack_memberships_contains_paid_content":false,"footnotes":"","jetpack_publicize_message":"","jetpack_publicize_feature_enabled":true,"jetpack_social_post_already_shared":true,"jetpack_social_options":{"image_generator_settings":{"template":"highway","default_image_id":0,"font":"","enabled":false},"version":2}},"categories":[1],"tags":[39,75],"class_list":["post-1619","post","type-post","status-publish","format-standard","has-post-thumbnail","hentry","category-news","tag-maennerchor-ermlitz-e-v","tag-nachwuchsfoerderung"],"jetpack_publicize_connections":[],"jetpack_featured_media_url":"https:\/\/i0.wp.com\/www.maennerchor-ermlitz.de\/wp-content\/uploads\/IMG_00084.jpg?fit=1024%2C683&ssl=1","jetpack_sharing_enabled":true,"jetpack_shortlink":"https:\/\/wp.me\/p5m6MX-q7","jetpack-related-posts":[{"id":3835,"url":"https:\/\/www.maennerchor-ermlitz.de\/?p=3835","url_meta":{"origin":1619,"position":0},"title":"Jede Stimme z\u00e4hlt!","author":"Administrator","date":"27. August 2018","format":false,"excerpt":"Nein, es steht keine Wahl an. Vielmehr geht es um ein Thema, das alle betrifft, denen das kulturelle Leben in unserem Ortsteil am Herzen liegt. Liest man heutzutage \u00fcber Ch\u00f6re, so liest man vom \"Chorsterben\", welches viel Ch\u00f6re dazu zwingt, ihre Vereinsaktivit\u00e4t einzustellen, oder sich mit anderen Ch\u00f6ren zusammen zu\u2026","rel":"","context":"In &quot;News&quot;","block_context":{"text":"News","link":"https:\/\/www.maennerchor-ermlitz.de\/?cat=1"},"img":{"alt_text":"","src":"","width":0,"height":0},"classes":[]},{"id":1746,"url":"https:\/\/www.maennerchor-ermlitz.de\/?p=1746","url_meta":{"origin":1619,"position":1},"title":"14.02. Jahreshauptversammlung","author":"Administrator","date":"23. Februar 2017","format":false,"excerpt":"Der 1.Vereinsvorsitzende Siegmund Weinert hat Rechenschaft \u00fcber die geleistete Arbeit des M\u00e4nnerchores Ermlitz im Jahr 2016 gelegt. Im Namen des Vorstandes dankte er dem Chorleiter Erik Schober, allen Sangesfreunden, f\u00f6rdernden Mitglieder und Sponsoren f\u00fcr die geleistete Arbeit bei den Proben und Auftritten. Die Anzahl der Chorproben betrug 2016 insgesamt 46.\u2026","rel":"","context":"In &quot;News&quot;","block_context":{"text":"News","link":"https:\/\/www.maennerchor-ermlitz.de\/?cat=1"},"img":{"alt_text":"","src":"https:\/\/i0.wp.com\/www.maennerchor-ermlitz.de\/wp-content\/uploads\/1_P1010436.jpg?resize=350%2C200","width":350,"height":200,"srcset":"https:\/\/i0.wp.com\/www.maennerchor-ermlitz.de\/wp-content\/uploads\/1_P1010436.jpg?resize=350%2C200 1x, https:\/\/i0.wp.com\/www.maennerchor-ermlitz.de\/wp-content\/uploads\/1_P1010436.jpg?resize=525%2C300 1.5x, https:\/\/i0.wp.com\/www.maennerchor-ermlitz.de\/wp-content\/uploads\/1_P1010436.jpg?resize=700%2C400 2x"},"classes":[]},{"id":5769,"url":"https:\/\/www.maennerchor-ermlitz.de\/?p=5769","url_meta":{"origin":1619,"position":2},"title":"Wir sind zur\u00fcck! &#8211; Der M\u00e4nnerchor Ermlitz probt wieder","author":"Administrator","date":"14. Juni 2021","format":false,"excerpt":"Es ist vollbracht! Nach langer Zeit der Entbehrungen durch die Einschr\u00e4nkungen der Corona-Pandemie, war es uns heute erstmalig seit einem guten halben Jahr dank der niedrigen Corona-Inzidenzen m\u00f6glich, wieder eine Chorprobe abzuhalten. So trafen sich am heutigen Montag (unter Einhaltung der geltenden Bestimmungen) die Sangesbr\u00fcder des M\u00e4nnerchor Ermlitz e.V. Zun\u00e4chst\u2026","rel":"","context":"In &quot;News&quot;","block_context":{"text":"News","link":"https:\/\/www.maennerchor-ermlitz.de\/?cat=1"},"img":{"alt_text":"","src":"","width":0,"height":0},"classes":[]},{"id":5606,"url":"https:\/\/www.maennerchor-ermlitz.de\/?p=5606","url_meta":{"origin":1619,"position":3},"title":"Aktuelle Information des M\u00e4nnerchor Ermlitz e.V. zur Situation rund um das Corona-Virus","author":"Administrator","date":"13. M\u00e4rz 2020","format":false,"excerpt":"Angesichts der aktuell sich zuspitzenden Lage zur Verbreitung des Corona-Virus hat der M\u00e4nnerchor Ermlitz e.V. sich dazu entschieden, den Probenbetrieb zun\u00e4chst f\u00fcr den 16.03. und den\u00a0 23.03.2020 auszusetzen. Diese Ma\u00dfnahme wird getroffen, um die Chormitglieder nicht einem unn\u00f6tigen Gesundheitsrisiko auszusetzen. Derzeit hat die Situation noch keinen Einfluss auf die f\u00fcr\u2026","rel":"","context":"In &quot;News&quot;","block_context":{"text":"News","link":"https:\/\/www.maennerchor-ermlitz.de\/?cat=1"},"img":{"alt_text":"","src":"","width":0,"height":0},"classes":[]},{"id":1557,"url":"https:\/\/www.maennerchor-ermlitz.de\/?p=1557","url_meta":{"origin":1619,"position":4},"title":"Der M\u00e4nnerchor Ermlitz e.V. w\u00fcnscht fr\u00f6hliche Weihnachten und alles Gute f\u00fcr 2016","author":"Administrator","date":"20. Dezember 2015","format":false,"excerpt":"Der M\u00e4nnerchor Ermlitz w\u00fcnscht allen Freunden des M\u00e4nnerchores Ermlitz besinnliche Lieder, manch liebes Wort, tiefe Sehnsucht,ein trauter Ort. Gedanken die voll Liebe klingen und in alle Herzen schwingen. Wir w\u00fcnschen Ihnen zur Weihnachtszeit, Ruhe, Liebe und Fr\u00f6hlichkeit. Sowie einen guten Start ins neue Jahr. Sangesfreunde des M\u00e4nnerchores Ermlitz","rel":"","context":"In &quot;News&quot;","block_context":{"text":"News","link":"https:\/\/www.maennerchor-ermlitz.de\/?cat=1"},"img":{"alt_text":"","src":"https:\/\/i0.wp.com\/www.maennerchor-ermlitz.de\/wp-content\/uploads\/XMAS_MCE.jpg?fit=900%2C495&ssl=1&resize=350%2C200","width":350,"height":200,"srcset":"https:\/\/i0.wp.com\/www.maennerchor-ermlitz.de\/wp-content\/uploads\/XMAS_MCE.jpg?fit=900%2C495&ssl=1&resize=350%2C200 1x, https:\/\/i0.wp.com\/www.maennerchor-ermlitz.de\/wp-content\/uploads\/XMAS_MCE.jpg?fit=900%2C495&ssl=1&resize=525%2C300 1.5x, https:\/\/i0.wp.com\/www.maennerchor-ermlitz.de\/wp-content\/uploads\/XMAS_MCE.jpg?fit=900%2C495&ssl=1&resize=700%2C400 2x"},"classes":[]},{"id":4912,"url":"https:\/\/www.maennerchor-ermlitz.de\/?p=4912","url_meta":{"origin":1619,"position":5},"title":"KONZERTANK\u00dcNDIGUNG: 01.06.2019 &#8211; Gemeinsames Konzert mit dem Frauenchor Ermlitz zum Tag der offenen T\u00fcr der FFW Ermlitz","author":"Administrator","date":"11. April 2019","format":false,"excerpt":"Anl\u00e4sslich des 85. Jubil\u00e4ums der Freiwilligen Feuerwehr Ermlitz veranstaltet diese am 01.06.2019 ihren Tag der offenen T\u00fcr. Im Rahmenprogramm der Veranstaltung l\u00e4dt auch der M\u00e4nnerchor Ermlitz e.V. um 14 Uhr zu einem gemeinsamen Konzert mit dem Frauenchor Ermlitz ein. Veranstaltungsort ist das Vereinsgel\u00e4nde der Freiwilligen Feuerwehr Ermlitz (ehemaliger Campingplatz am\u2026","rel":"","context":"In &quot;News&quot;","block_context":{"text":"News","link":"https:\/\/www.maennerchor-ermlitz.de\/?cat=1"},"img":{"alt_text":"","src":"","width":0,"height":0},"classes":[]}],"_links":{"self":[{"href":"https:\/\/www.maennerchor-ermlitz.de\/index.php?rest_route=\/wp\/v2\/posts\/1619","targetHints":{"allow":["GET"]}}],"collection":[{"href":"https:\/\/www.maennerchor-ermlitz.de\/index.php?rest_route=\/wp\/v2\/posts"}],"about":[{"href":"https:\/\/www.maennerchor-ermlitz.de\/index.php?rest_route=\/wp\/v2\/types\/post"}],"author":[{"embeddable":true,"href":"https:\/\/www.maennerchor-ermlitz.de\/index.php?rest_route=\/wp\/v2\/users\/1"}],"replies":[{"embeddable":true,"href":"https:\/\/www.maennerchor-ermlitz.de\/index.php?rest_route=%2Fwp%2Fv2%2Fcomments&post=1619"}],"version-history":[{"count":1,"href":"https:\/\/www.maennerchor-ermlitz.de\/index.php?rest_route=\/wp\/v2\/posts\/1619\/revisions"}],"predecessor-version":[{"id":1620,"href":"https:\/\/www.maennerchor-ermlitz.de\/index.php?rest_route=\/wp\/v2\/posts\/1619\/revisions\/1620"}],"wp:featuredmedia":[{"embeddable":true,"href":"https:\/\/www.maennerchor-ermlitz.de\/index.php?rest_route=\/wp\/v2\/media\/546"}],"wp:attachment":[{"href":"https:\/\/www.maennerchor-ermlitz.de\/index.php?rest_route=%2Fwp%2Fv2%2Fmedia&parent=1619"}],"wp:term":[{"taxonomy":"category","embeddable":true,"href":"https:\/\/www.maennerchor-ermlitz.de\/index.php?rest_route=%2Fwp%2Fv2%2Fcategories&post=1619"},{"taxonomy":"post_tag","embeddable":true,"href":"https:\/\/www.maennerchor-ermlitz.de\/index.php?rest_route=%2Fwp%2Fv2%2Ftags&post=1619"}],"curies":[{"name":"wp","href":"https:\/\/api.w.org\/{rel}","templated":true}]}}