{"id":1746,"date":"2017-02-23T18:42:14","date_gmt":"2017-02-23T17:42:14","guid":{"rendered":"https:\/\/www.maennerchor-ermlitz.de\/?p=1746"},"modified":"2017-02-24T18:17:49","modified_gmt":"2017-02-24T17:17:49","slug":"14-02-jahreshauptversammlung","status":"publish","type":"post","link":"https:\/\/www.maennerchor-ermlitz.de\/?p=1746","title":{"rendered":"14.02. Jahreshauptversammlung"},"content":{"rendered":"\n\t\t<style type=\"text\/css\">\n\t\t\t#gallery-1 {\n\t\t\t\tmargin: auto;\n\t\t\t}\n\t\t\t#gallery-1 .gallery-item {\n\t\t\t\tfloat: left;\n\t\t\t\tmargin-top: 10px;\n\t\t\t\ttext-align: center;\n\t\t\t\twidth: 33%;\n\t\t\t}\n\t\t\t#gallery-1 img {\n\t\t\t\tborder: 2px solid #cfcfcf;\n\t\t\t}\n\t\t\t#gallery-1 .gallery-caption {\n\t\t\t\tmargin-left: 0;\n\t\t\t}\n\t\t\t\/* see gallery_shortcode() in wp-includes\/media.php *\/\n\t\t<\/style>\n\t\t<div data-carousel-extra='{&quot;blog_id&quot;:1,&quot;permalink&quot;:&quot;https:\/\/www.maennerchor-ermlitz.de\/?p=1746&quot;}' id='gallery-1' class='gallery galleryid-1746 gallery-columns-3 gallery-size-thumbnail'><dl class='gallery-item'>\n\t\t\t<dt class='gallery-icon landscape'>\n\t\t\t\t<a href='https:\/\/i0.wp.com\/www.maennerchor-ermlitz.de\/wp-content\/uploads\/1_P1010436.jpg?fit=1024%2C768&ssl=1' title=\"\" data-rl_title=\"\" class=\"rl-gallery-link\" data-rl_caption=\"\" data-rel=\"lightbox-gallery-1\"><img loading=\"lazy\" decoding=\"async\" width=\"150\" height=\"150\" src=\"https:\/\/i0.wp.com\/www.maennerchor-ermlitz.de\/wp-content\/uploads\/1_P1010436.jpg?resize=150%2C150&amp;ssl=1\" class=\"attachment-thumbnail size-thumbnail\" alt=\"\" srcset=\"https:\/\/i0.wp.com\/www.maennerchor-ermlitz.de\/wp-content\/uploads\/1_P1010436.jpg?resize=150%2C150&amp;ssl=1 150w, https:\/\/i0.wp.com\/www.maennerchor-ermlitz.de\/wp-content\/uploads\/1_P1010436.jpg?resize=145%2C145&amp;ssl=1 145w, https:\/\/i0.wp.com\/www.maennerchor-ermlitz.de\/wp-content\/uploads\/1_P1010436.jpg?resize=50%2C50&amp;ssl=1 50w, https:\/\/i0.wp.com\/www.maennerchor-ermlitz.de\/wp-content\/uploads\/1_P1010436.jpg?zoom=2&amp;resize=150%2C150&amp;ssl=1 300w, https:\/\/i0.wp.com\/www.maennerchor-ermlitz.de\/wp-content\/uploads\/1_P1010436.jpg?zoom=3&amp;resize=150%2C150&amp;ssl=1 450w\" sizes=\"auto, (max-width: 150px) 100vw, 150px\" data-attachment-id=\"1747\" data-permalink=\"https:\/\/www.maennerchor-ermlitz.de\/?attachment_id=1747\" data-orig-file=\"https:\/\/i0.wp.com\/www.maennerchor-ermlitz.de\/wp-content\/uploads\/1_P1010436.jpg?fit=1024%2C768&amp;ssl=1\" data-orig-size=\"1024,768\" data-comments-opened=\"1\" data-image-meta=\"{&quot;aperture&quot;:&quot;0&quot;,&quot;credit&quot;:&quot;&quot;,&quot;camera&quot;:&quot;&quot;,&quot;caption&quot;:&quot;&quot;,&quot;created_timestamp&quot;:&quot;0&quot;,&quot;copyright&quot;:&quot;&quot;,&quot;focal_length&quot;:&quot;0&quot;,&quot;iso&quot;:&quot;0&quot;,&quot;shutter_speed&quot;:&quot;0&quot;,&quot;title&quot;:&quot;&quot;,&quot;orientation&quot;:&quot;0&quot;}\" data-image-title=\"1_P1010436\" data-image-description=\"\" data-image-caption=\"\" data-large-file=\"https:\/\/i0.wp.com\/www.maennerchor-ermlitz.de\/wp-content\/uploads\/1_P1010436.jpg?fit=1024%2C768&amp;ssl=1\" \/><\/a>\n\t\t\t<\/dt><\/dl><dl class='gallery-item'>\n\t\t\t<dt class='gallery-icon landscape'>\n\t\t\t\t<a href='https:\/\/i0.wp.com\/www.maennerchor-ermlitz.de\/wp-content\/uploads\/2_P1010435.jpg?fit=1024%2C768&ssl=1' title=\"\" data-rl_title=\"\" class=\"rl-gallery-link\" data-rl_caption=\"\" data-rel=\"lightbox-gallery-1\"><img loading=\"lazy\" decoding=\"async\" width=\"150\" height=\"150\" src=\"https:\/\/i0.wp.com\/www.maennerchor-ermlitz.de\/wp-content\/uploads\/2_P1010435.jpg?resize=150%2C150&amp;ssl=1\" class=\"attachment-thumbnail size-thumbnail\" alt=\"\" srcset=\"https:\/\/i0.wp.com\/www.maennerchor-ermlitz.de\/wp-content\/uploads\/2_P1010435.jpg?resize=150%2C150&amp;ssl=1 150w, https:\/\/i0.wp.com\/www.maennerchor-ermlitz.de\/wp-content\/uploads\/2_P1010435.jpg?resize=145%2C145&amp;ssl=1 145w, https:\/\/i0.wp.com\/www.maennerchor-ermlitz.de\/wp-content\/uploads\/2_P1010435.jpg?resize=50%2C50&amp;ssl=1 50w, https:\/\/i0.wp.com\/www.maennerchor-ermlitz.de\/wp-content\/uploads\/2_P1010435.jpg?zoom=2&amp;resize=150%2C150&amp;ssl=1 300w, https:\/\/i0.wp.com\/www.maennerchor-ermlitz.de\/wp-content\/uploads\/2_P1010435.jpg?zoom=3&amp;resize=150%2C150&amp;ssl=1 450w\" sizes=\"auto, (max-width: 150px) 100vw, 150px\" data-attachment-id=\"1748\" data-permalink=\"https:\/\/www.maennerchor-ermlitz.de\/?attachment_id=1748\" data-orig-file=\"https:\/\/i0.wp.com\/www.maennerchor-ermlitz.de\/wp-content\/uploads\/2_P1010435.jpg?fit=1024%2C768&amp;ssl=1\" data-orig-size=\"1024,768\" data-comments-opened=\"1\" data-image-meta=\"{&quot;aperture&quot;:&quot;0&quot;,&quot;credit&quot;:&quot;&quot;,&quot;camera&quot;:&quot;&quot;,&quot;caption&quot;:&quot;&quot;,&quot;created_timestamp&quot;:&quot;0&quot;,&quot;copyright&quot;:&quot;&quot;,&quot;focal_length&quot;:&quot;0&quot;,&quot;iso&quot;:&quot;0&quot;,&quot;shutter_speed&quot;:&quot;0&quot;,&quot;title&quot;:&quot;&quot;,&quot;orientation&quot;:&quot;0&quot;}\" data-image-title=\"2_P1010435\" data-image-description=\"\" data-image-caption=\"\" data-large-file=\"https:\/\/i0.wp.com\/www.maennerchor-ermlitz.de\/wp-content\/uploads\/2_P1010435.jpg?fit=1024%2C768&amp;ssl=1\" \/><\/a>\n\t\t\t<\/dt><\/dl><dl class='gallery-item'>\n\t\t\t<dt class='gallery-icon portrait'>\n\t\t\t\t<a href='https:\/\/i0.wp.com\/www.maennerchor-ermlitz.de\/wp-content\/uploads\/3_P1010437-e1487956596247.jpg?fit=768%2C1024&ssl=1' title=\"\" data-rl_title=\"\" class=\"rl-gallery-link\" data-rl_caption=\"\" data-rel=\"lightbox-gallery-1\"><img loading=\"lazy\" decoding=\"async\" width=\"150\" height=\"150\" src=\"https:\/\/i0.wp.com\/www.maennerchor-ermlitz.de\/wp-content\/uploads\/3_P1010437-e1487956596247.jpg?resize=150%2C150&amp;ssl=1\" class=\"attachment-thumbnail size-thumbnail\" alt=\"\" srcset=\"https:\/\/i0.wp.com\/www.maennerchor-ermlitz.de\/wp-content\/uploads\/3_P1010437-e1487956596247.jpg?resize=150%2C150&amp;ssl=1 150w, https:\/\/i0.wp.com\/www.maennerchor-ermlitz.de\/wp-content\/uploads\/3_P1010437-e1487956596247.jpg?resize=145%2C145&amp;ssl=1 145w, https:\/\/i0.wp.com\/www.maennerchor-ermlitz.de\/wp-content\/uploads\/3_P1010437-e1487956596247.jpg?resize=50%2C50&amp;ssl=1 50w, https:\/\/i0.wp.com\/www.maennerchor-ermlitz.de\/wp-content\/uploads\/3_P1010437-e1487956596247.jpg?zoom=2&amp;resize=150%2C150&amp;ssl=1 300w, https:\/\/i0.wp.com\/www.maennerchor-ermlitz.de\/wp-content\/uploads\/3_P1010437-e1487956596247.jpg?zoom=3&amp;resize=150%2C150&amp;ssl=1 450w\" sizes=\"auto, (max-width: 150px) 100vw, 150px\" data-attachment-id=\"1749\" data-permalink=\"https:\/\/www.maennerchor-ermlitz.de\/?attachment_id=1749\" data-orig-file=\"https:\/\/i0.wp.com\/www.maennerchor-ermlitz.de\/wp-content\/uploads\/3_P1010437-e1487956596247.jpg?fit=768%2C1024&amp;ssl=1\" data-orig-size=\"768,1024\" data-comments-opened=\"1\" data-image-meta=\"{&quot;aperture&quot;:&quot;0&quot;,&quot;credit&quot;:&quot;&quot;,&quot;camera&quot;:&quot;&quot;,&quot;caption&quot;:&quot;&quot;,&quot;created_timestamp&quot;:&quot;0&quot;,&quot;copyright&quot;:&quot;&quot;,&quot;focal_length&quot;:&quot;0&quot;,&quot;iso&quot;:&quot;0&quot;,&quot;shutter_speed&quot;:&quot;0&quot;,&quot;title&quot;:&quot;&quot;,&quot;orientation&quot;:&quot;6&quot;}\" data-image-title=\"3_P1010437\" data-image-description=\"\" data-image-caption=\"\" data-large-file=\"https:\/\/i0.wp.com\/www.maennerchor-ermlitz.de\/wp-content\/uploads\/3_P1010437-e1487956596247.jpg?fit=768%2C1024&amp;ssl=1\" \/><\/a>\n\t\t\t<\/dt><\/dl><br style=\"clear: both\" \/>\n\t\t<\/div>\n\n<p>Der 1.Vereinsvorsitzende Siegmund Weinert hat Rechenschaft \u00fcber die geleistete Arbeit des M\u00e4nnerchores Ermlitz im Jahr 2016 gelegt.<br \/>\nIm Namen des Vorstandes dankte er dem Chorleiter Erik Schober, allen Sangesfreunden, f\u00f6rdernden Mitglieder und Sponsoren f\u00fcr die geleistete Arbeit bei den Proben und Auftritten.<\/p>\n<p>Die Anzahl der Chorproben betrug 2016 insgesamt 46.<br \/>\nUm das Vereinsleben zu koordinieren und abzusichern f\u00fchrte der Vorstand 6 Beratungen durch. Zu 10 Auftritten unterschiedlichster Anl\u00e4sse, konnten wir unser Liedgut pr\u00e4sentieren.<br \/>\nWeiterhin f\u00fchrten wir 2 Chorvergn\u00fcgen durch, die allj\u00e4hrliche M\u00e4nnertagfeier und die Vereinsfeier mit den Ehepartnern.<\/p>\n<p>Konzerth\u00f6hepunkte waren der gemeinsame Auftritt mit Hans-J\u00fcrgen Beyer sowie das Konzert mit dem Posaunenchor in der ev. Stadtkirche Schkeuditz St. Albanus.<br \/>\nZu Jubil\u00e4en unserer Vereinsmitglieder brachten wir unser St\u00e4ndchen und konnten die G\u00e4ste erfreuen.<br \/>\nDem M\u00e4nnerchor geh\u00f6rten 2016 31 aktive und 9 passive S\u00e4nger an. An den Proben haben durchschnittlich 25 S\u00e4nger teilgenommen.<\/p>\n<p>Es gab auch zwei Choraustritte.<br \/>\nAusgetreten ist Mario Pracher aus beruflichen Gr\u00fcnden und Gerd M\u00f6ritz aus gesundheitlichen Gr\u00fcnden. Sangesfreund Gerd M\u00f6ritz war 31 Jahre im M\u00e4nnerchor<br \/>\nErmlitz aktiv t\u00e4tig.<\/p>\n<p>Ein Schwerpunkt der Chorarbeit ist die Nachwuchsgewinnung.<br \/>\nAls neues Chormitglied wurde zur Versammlung der Sangesfreund Ralf Moritz aus Schkeuditz aufgenommen.<\/p>\n<p>Rechenschaftslegungen sind Anlass zu Ehrungen.<br \/>\nSo wurde f\u00fcr langj\u00e4hrige Mitgliedschaft Andrea Stenzel mit 25 Jahren und Peter Brand mit 10 Jahren geehrt.<\/p>\n<p>Der Hauptkassierer J\u00fcrgen Dienwebel hat f\u00fcr das Jahr 2016 in seinem Bericht eine positive Bilanz ausgewiesen.<br \/>\nVon der Revisionskommission wurde eine ordentlich Kassenf\u00fchrung bescheinigt.<br \/>\nDem Vorstand konnte somit die Entlastung f\u00fcr 2016 erteilt werden.<\/p>\n<p>Alle Anwesenden waren mit der geleisteten Arbeit des Vorstandes im Berichtszeitraum einverstanden.<br \/>\nEine Neuwahl des Vorstandes war somit nicht erforderlich.<br \/>\nDer alte Vorstand ist damit der neue Vorstand 2017.<\/p>\n","protected":false},"excerpt":{"rendered":"<p>Der 1.Vereinsvorsitzende Siegmund Weinert hat Rechenschaft \u00fcber die geleistete Arbeit des M\u00e4nnerchores Ermlitz im Jahr 2016 gelegt. Im Namen des Vorstandes dankte er dem Chorleiter Erik Schober, allen Sangesfreunden, f\u00f6rdernden Mitglieder und Sponsoren f\u00fcr die geleistete Arbeit bei den Proben und Auftritten. Die Anzahl der Chorproben betrug 2016 insgesamt 46. Um das Vereinsleben zu koordinieren [&hellip;]<\/p>\n","protected":false},"author":1,"featured_media":0,"comment_status":"open","ping_status":"open","sticky":false,"template":"","format":"standard","meta":{"jetpack_post_was_ever_published":false,"_jetpack_newsletter_access":"","_jetpack_dont_email_post_to_subs":true,"_jetpack_newsletter_tier_id":0,"_jetpack_memberships_contains_paywalled_content":false,"_jetpack_memberships_contains_paid_content":false,"footnotes":"","jetpack_publicize_message":"","jetpack_publicize_feature_enabled":true,"jetpack_social_post_already_shared":true,"jetpack_social_options":{"image_generator_settings":{"template":"highway","default_image_id":0,"font":"","enabled":false},"version":2}},"categories":[1],"tags":[69,36,39,88,50],"class_list":["post-1746","post","type-post","status-publish","format-standard","hentry","category-news","tag-69","tag-jahreshauptversammlung","tag-maennerchor-ermlitz-e-v","tag-rechenschaftsbericht","tag-vorstand"],"jetpack_publicize_connections":[],"jetpack_featured_media_url":"","jetpack_sharing_enabled":true,"jetpack_shortlink":"https:\/\/wp.me\/p5m6MX-sa","jetpack-related-posts":[{"id":2081,"url":"https:\/\/www.maennerchor-ermlitz.de\/?p=2081","url_meta":{"origin":1746,"position":0},"title":"06.02.  Jahreshauptversammlung","author":"Administrator","date":"26. Februar 2018","format":false,"excerpt":"Der 1. Vereinsvorsitzende Siegmund Weinert hat Rechenschaft \u00fcber die geleistete Arbeit im Wirtschaftsjahr 2017 gelegt. Zu Beginn der Versammlung wurde mit einer Schweigeminute\u00a0 an den verstorbenen Sangesfreund Gerd M\u00f6ritz und an das f\u00f6rdernde Mitglied des Chores Andreas Herzog gedacht. Gerd M\u00f6ritz war 30 Jahre aktives Mitglied des Chores. Es \u00a0wurden\u2026","rel":"","context":"In &quot;News&quot;","block_context":{"text":"News","link":"https:\/\/www.maennerchor-ermlitz.de\/?cat=1"},"img":{"alt_text":"","src":"https:\/\/i0.wp.com\/www.maennerchor-ermlitz.de\/wp-content\/uploads\/002.jpg?resize=350%2C200","width":350,"height":200},"classes":[]},{"id":1570,"url":"https:\/\/www.maennerchor-ermlitz.de\/?p=1570","url_meta":{"origin":1746,"position":1},"title":"02.02. Jahreshauptversammlung","author":"Administrator","date":"15. Februar 2016","format":false,"excerpt":"Der 1. Vereinsvorsitzende hat Rechenschaft \u00fcber die geleistete Arbeit des M\u00e4nnerchores Ermlitz e. V. im Wirtschaftsjahr 2015 gelegt. Vor seinen Ausf\u00fchrungen wurde mit einer Schweigeminute an den verstorbenen Sangesfreund J\u00fcrgen Bringezu und ehemaligen Chorleiter Ronald Drescher gedacht. Im Namen des Vorstandes dankte der 1. Vereinsvorsitzende dem Chorleiter Erik Schober, allen\u2026","rel":"","context":"In &quot;News&quot;","block_context":{"text":"News","link":"https:\/\/www.maennerchor-ermlitz.de\/?cat=1"},"img":{"alt_text":"","src":"","width":0,"height":0},"classes":[]},{"id":4307,"url":"https:\/\/www.maennerchor-ermlitz.de\/?p=4307","url_meta":{"origin":1746,"position":2},"title":"12.02. Jahreshauptversammlung","author":"Administrator","date":"20. Februar 2019","format":false,"excerpt":"Der 1. Vorsitzende des Chorvorstandes Siegmund Weinert hat Rechenschaft \u00fcber die geleistete Arbeit des Chores im Jahr 2018 abgelegt. Er dankte allen f\u00fcr die geleistete Arbeit. Im Berichtsjahr geh\u00f6rten dem Chor 28 aktive Sangesfreunde an. 10 f\u00f6rdernde Mitglieder unterst\u00fctzen den Chor dankenswerterweise. Es wurden 41 Chorproben durchgef\u00fchrt. Um das Vereinsleben\u2026","rel":"","context":"In &quot;News&quot;","block_context":{"text":"News","link":"https:\/\/www.maennerchor-ermlitz.de\/?cat=1"},"img":{"alt_text":"","src":"","width":0,"height":0},"classes":[]},{"id":1439,"url":"https:\/\/www.maennerchor-ermlitz.de\/?p=1439","url_meta":{"origin":1746,"position":3},"title":"03.02. Jahreshauptversammlung","author":"Administrator","date":"9. Februar 2015","format":false,"excerpt":"Der 1. Vereinsvorsitzende hat Rechenschaft \u00fcber die geleistete Arbeit des Chores im Wirtschaftsjahr 2014 gelegt. Im Namen des Vorstandes bedankte er sich f\u00fcr die geleistete Arbeit beim Chorleiter Erik Schober, allen Sangesfreunden, f\u00f6rdernden Mitgliedern und Sponsoren. Im Jahr 2014 f\u00fchrte der Chor 45 \u00dcbungsstunden durch. Um das Vereinsleben zu koordinieren\u2026","rel":"","context":"In &quot;News&quot;","block_context":{"text":"News","link":"https:\/\/www.maennerchor-ermlitz.de\/?cat=1"},"img":{"alt_text":"","src":"https:\/\/i0.wp.com\/www.maennerchor-ermlitz.de\/wp-content\/uploads\/2015-02-03-20.16.00.jpg?resize=350%2C200","width":350,"height":200,"srcset":"https:\/\/i0.wp.com\/www.maennerchor-ermlitz.de\/wp-content\/uploads\/2015-02-03-20.16.00.jpg?resize=350%2C200 1x, https:\/\/i0.wp.com\/www.maennerchor-ermlitz.de\/wp-content\/uploads\/2015-02-03-20.16.00.jpg?resize=525%2C300 1.5x, https:\/\/i0.wp.com\/www.maennerchor-ermlitz.de\/wp-content\/uploads\/2015-02-03-20.16.00.jpg?resize=700%2C400 2x, https:\/\/i0.wp.com\/www.maennerchor-ermlitz.de\/wp-content\/uploads\/2015-02-03-20.16.00.jpg?resize=1050%2C600 3x, https:\/\/i0.wp.com\/www.maennerchor-ermlitz.de\/wp-content\/uploads\/2015-02-03-20.16.00.jpg?resize=1400%2C800 4x"},"classes":[]},{"id":5584,"url":"https:\/\/www.maennerchor-ermlitz.de\/?p=5584","url_meta":{"origin":1746,"position":4},"title":"10.02. Jahreshauptversammlung","author":"Administrator","date":"18. Februar 2020","format":false,"excerpt":"Der 2. Vereinsvorsitzende Bodo Joost hat Rechenschaft \u00fcber die geleistet Arbeit des Chores im Jahr 2019 gelegt. Zu Beginn der Versammlung wurde mit einer Schweigeminute an die verstorbenen Sangesfreunde Joachim Fiedler, J\u00fcrgen Rauch und G\u00fcnther Engelmann gedacht. Der Chor hat 28 aktive Sangesfreunde. Er wird von 7 passiven f\u00f6rdernden Mitgliedern\u2026","rel":"","context":"In &quot;News&quot;","block_context":{"text":"News","link":"https:\/\/www.maennerchor-ermlitz.de\/?cat=1"},"img":{"alt_text":"","src":"https:\/\/i0.wp.com\/www.maennerchor-ermlitz.de\/wp-content\/uploads\/20200210_194742-scaled.jpg?resize=350%2C200","width":350,"height":200,"srcset":"https:\/\/i0.wp.com\/www.maennerchor-ermlitz.de\/wp-content\/uploads\/20200210_194742-scaled.jpg?resize=350%2C200 1x, https:\/\/i0.wp.com\/www.maennerchor-ermlitz.de\/wp-content\/uploads\/20200210_194742-scaled.jpg?resize=525%2C300 1.5x, https:\/\/i0.wp.com\/www.maennerchor-ermlitz.de\/wp-content\/uploads\/20200210_194742-scaled.jpg?resize=700%2C400 2x, https:\/\/i0.wp.com\/www.maennerchor-ermlitz.de\/wp-content\/uploads\/20200210_194742-scaled.jpg?resize=1050%2C600 3x, https:\/\/i0.wp.com\/www.maennerchor-ermlitz.de\/wp-content\/uploads\/20200210_194742-scaled.jpg?resize=1400%2C800 4x"},"classes":[]},{"id":1420,"url":"https:\/\/www.maennerchor-ermlitz.de\/?p=1420","url_meta":{"origin":1746,"position":5},"title":"Zunehmende Digitalisierung auch in vereinsinternen Abl\u00e4ufen","author":"Administrator","date":"31. Januar 2015","format":false,"excerpt":"Nachdem der M\u00e4nnerchor Ermlitz e.V. im vergangenen Jahr bereits mit seinem neuen Internet-Auftritt den Weg geebnet hat, in puncto Pr\u00e4sentation und Werbung\u00a0 verst\u00e4rkt auf digitale Technologien zu setzen, hat dieser Trend nun auch im internen Bereich Einzug gehalten. So kann seit geraumer Zeit f\u00fcr aktive Vereinsmitglieder das gesamte Notenarchiv auch\u2026","rel":"","context":"In &quot;News&quot;","block_context":{"text":"News","link":"https:\/\/www.maennerchor-ermlitz.de\/?cat=1"},"img":{"alt_text":"","src":"https:\/\/i0.wp.com\/www.maennerchor-ermlitz.de\/wp-content\/uploads\/Foto0007.jpg?fit=1200%2C900&ssl=1&resize=350%2C200","width":350,"height":200,"srcset":"https:\/\/i0.wp.com\/www.maennerchor-ermlitz.de\/wp-content\/uploads\/Foto0007.jpg?fit=1200%2C900&ssl=1&resize=350%2C200 1x, https:\/\/i0.wp.com\/www.maennerchor-ermlitz.de\/wp-content\/uploads\/Foto0007.jpg?fit=1200%2C900&ssl=1&resize=525%2C300 1.5x, https:\/\/i0.wp.com\/www.maennerchor-ermlitz.de\/wp-content\/uploads\/Foto0007.jpg?fit=1200%2C900&ssl=1&resize=700%2C400 2x, https:\/\/i0.wp.com\/www.maennerchor-ermlitz.de\/wp-content\/uploads\/Foto0007.jpg?fit=1200%2C900&ssl=1&resize=1050%2C600 3x"},"classes":[]}],"_links":{"self":[{"href":"https:\/\/www.maennerchor-ermlitz.de\/index.php?rest_route=\/wp\/v2\/posts\/1746","targetHints":{"allow":["GET"]}}],"collection":[{"href":"https:\/\/www.maennerchor-ermlitz.de\/index.php?rest_route=\/wp\/v2\/posts"}],"about":[{"href":"https:\/\/www.maennerchor-ermlitz.de\/index.php?rest_route=\/wp\/v2\/types\/post"}],"author":[{"embeddable":true,"href":"https:\/\/www.maennerchor-ermlitz.de\/index.php?rest_route=\/wp\/v2\/users\/1"}],"replies":[{"embeddable":true,"href":"https:\/\/www.maennerchor-ermlitz.de\/index.php?rest_route=%2Fwp%2Fv2%2Fcomments&post=1746"}],"version-history":[{"count":1,"href":"https:\/\/www.maennerchor-ermlitz.de\/index.php?rest_route=\/wp\/v2\/posts\/1746\/revisions"}],"predecessor-version":[{"id":1750,"href":"https:\/\/www.maennerchor-ermlitz.de\/index.php?rest_route=\/wp\/v2\/posts\/1746\/revisions\/1750"}],"wp:attachment":[{"href":"https:\/\/www.maennerchor-ermlitz.de\/index.php?rest_route=%2Fwp%2Fv2%2Fmedia&parent=1746"}],"wp:term":[{"taxonomy":"category","embeddable":true,"href":"https:\/\/www.maennerchor-ermlitz.de\/index.php?rest_route=%2Fwp%2Fv2%2Fcategories&post=1746"},{"taxonomy":"post_tag","embeddable":true,"href":"https:\/\/www.maennerchor-ermlitz.de\/index.php?rest_route=%2Fwp%2Fv2%2Ftags&post=1746"}],"curies":[{"name":"wp","href":"https:\/\/api.w.org\/{rel}","templated":true}]}}