{"id":1822,"date":"2017-07-23T16:25:22","date_gmt":"2017-07-23T14:25:22","guid":{"rendered":"https:\/\/www.maennerchor-ermlitz.de\/?p=1822"},"modified":"2017-07-23T16:25:22","modified_gmt":"2017-07-23T14:25:22","slug":"01-07-vereinsfahrt","status":"publish","type":"post","link":"https:\/\/www.maennerchor-ermlitz.de\/?p=1822","title":{"rendered":"01.07. Vereinsfahrt"},"content":{"rendered":"<p>Das Ziel der diesj\u00e4hrigen S\u00e4ngerfahrt war der Geiseltalsee. S\u00e4ngerfahrten und Vereinsvergn\u00fcgen erm\u00f6glichen es uns S\u00e4ngern mit unseren Frauen und F\u00f6rdermitgliedern gemeinsam etwas zu unternehmen. Es ging mit dem Bus nach Braunsbedra. An der &#8222;Marina&#8220; stand der Geiseltalsee-Express f\u00fcr eine Seeumrundung bereit.<br \/>\nW\u00e4hrend der Fahrt wurde Wissenswertes \u00fcber die Entstehung des Sees vermittelt.<\/p>\n<p>Auf dem Weinberg \u201eGoldener Steiger\u201c wurde zu einer 5er Weinprobe mit K\u00e4seteller und Fettbemme halt gemacht. Begr\u00fc\u00dft wurden wir vom Winzer Herrn Reifert. Er f\u00fchrte uns mit allerlei Weinspr\u00fcchen und vielen Information rund um den Wein, der verkostet wurde. Zu der Weinprobe wurden nat\u00fcrlich von den S\u00e4ngern auch Weinlieder gesungen.<\/p>\n\n\t\t<style type=\"text\/css\">\n\t\t\t#gallery-1 {\n\t\t\t\tmargin: auto;\n\t\t\t}\n\t\t\t#gallery-1 .gallery-item {\n\t\t\t\tfloat: left;\n\t\t\t\tmargin-top: 10px;\n\t\t\t\ttext-align: center;\n\t\t\t\twidth: 25%;\n\t\t\t}\n\t\t\t#gallery-1 img {\n\t\t\t\tborder: 2px solid #cfcfcf;\n\t\t\t}\n\t\t\t#gallery-1 .gallery-caption {\n\t\t\t\tmargin-left: 0;\n\t\t\t}\n\t\t\t\/* see gallery_shortcode() in wp-includes\/media.php *\/\n\t\t<\/style>\n\t\t<div data-carousel-extra='{&quot;blog_id&quot;:1,&quot;permalink&quot;:&quot;https:\/\/www.maennerchor-ermlitz.de\/?p=1822&quot;}' id='gallery-1' class='gallery galleryid-1822 gallery-columns-4 gallery-size-thumbnail'><dl class='gallery-item'>\n\t\t\t<dt class='gallery-icon portrait'>\n\t\t\t\t<a href='https:\/\/i0.wp.com\/www.maennerchor-ermlitz.de\/wp-content\/uploads\/1_P1010526.jpg?fit=576%2C768&ssl=1' title=\"\" data-rl_title=\"\" class=\"rl-gallery-link\" data-rl_caption=\"\" data-rel=\"lightbox-gallery-1\"><img loading=\"lazy\" decoding=\"async\" width=\"150\" height=\"150\" src=\"https:\/\/i0.wp.com\/www.maennerchor-ermlitz.de\/wp-content\/uploads\/1_P1010526.jpg?resize=150%2C150&amp;ssl=1\" class=\"attachment-thumbnail size-thumbnail\" alt=\"\" srcset=\"https:\/\/i0.wp.com\/www.maennerchor-ermlitz.de\/wp-content\/uploads\/1_P1010526.jpg?resize=150%2C150&amp;ssl=1 150w, https:\/\/i0.wp.com\/www.maennerchor-ermlitz.de\/wp-content\/uploads\/1_P1010526.jpg?resize=145%2C145&amp;ssl=1 145w, https:\/\/i0.wp.com\/www.maennerchor-ermlitz.de\/wp-content\/uploads\/1_P1010526.jpg?resize=50%2C50&amp;ssl=1 50w, https:\/\/i0.wp.com\/www.maennerchor-ermlitz.de\/wp-content\/uploads\/1_P1010526.jpg?zoom=2&amp;resize=150%2C150&amp;ssl=1 300w, https:\/\/i0.wp.com\/www.maennerchor-ermlitz.de\/wp-content\/uploads\/1_P1010526.jpg?zoom=3&amp;resize=150%2C150&amp;ssl=1 450w\" sizes=\"auto, (max-width: 150px) 100vw, 150px\" data-attachment-id=\"1813\" data-permalink=\"https:\/\/www.maennerchor-ermlitz.de\/?attachment_id=1813\" data-orig-file=\"https:\/\/i0.wp.com\/www.maennerchor-ermlitz.de\/wp-content\/uploads\/1_P1010526.jpg?fit=576%2C768&amp;ssl=1\" data-orig-size=\"576,768\" data-comments-opened=\"1\" data-image-meta=\"{&quot;aperture&quot;:&quot;0&quot;,&quot;credit&quot;:&quot;&quot;,&quot;camera&quot;:&quot;&quot;,&quot;caption&quot;:&quot;&quot;,&quot;created_timestamp&quot;:&quot;0&quot;,&quot;copyright&quot;:&quot;&quot;,&quot;focal_length&quot;:&quot;0&quot;,&quot;iso&quot;:&quot;0&quot;,&quot;shutter_speed&quot;:&quot;0&quot;,&quot;title&quot;:&quot;&quot;,&quot;orientation&quot;:&quot;0&quot;}\" data-image-title=\"1_P1010526\" data-image-description=\"\" data-image-caption=\"\" data-large-file=\"https:\/\/i0.wp.com\/www.maennerchor-ermlitz.de\/wp-content\/uploads\/1_P1010526.jpg?fit=576%2C768&amp;ssl=1\" \/><\/a>\n\t\t\t<\/dt><\/dl><dl class='gallery-item'>\n\t\t\t<dt class='gallery-icon landscape'>\n\t\t\t\t<a href='https:\/\/i0.wp.com\/www.maennerchor-ermlitz.de\/wp-content\/uploads\/2_P1010528.jpg?fit=1024%2C768&ssl=1' title=\"\" data-rl_title=\"\" class=\"rl-gallery-link\" data-rl_caption=\"\" data-rel=\"lightbox-gallery-1\"><img loading=\"lazy\" decoding=\"async\" width=\"150\" height=\"150\" src=\"https:\/\/i0.wp.com\/www.maennerchor-ermlitz.de\/wp-content\/uploads\/2_P1010528.jpg?resize=150%2C150&amp;ssl=1\" class=\"attachment-thumbnail size-thumbnail\" alt=\"\" srcset=\"https:\/\/i0.wp.com\/www.maennerchor-ermlitz.de\/wp-content\/uploads\/2_P1010528.jpg?resize=150%2C150&amp;ssl=1 150w, https:\/\/i0.wp.com\/www.maennerchor-ermlitz.de\/wp-content\/uploads\/2_P1010528.jpg?resize=145%2C145&amp;ssl=1 145w, https:\/\/i0.wp.com\/www.maennerchor-ermlitz.de\/wp-content\/uploads\/2_P1010528.jpg?resize=50%2C50&amp;ssl=1 50w, https:\/\/i0.wp.com\/www.maennerchor-ermlitz.de\/wp-content\/uploads\/2_P1010528.jpg?zoom=2&amp;resize=150%2C150&amp;ssl=1 300w, https:\/\/i0.wp.com\/www.maennerchor-ermlitz.de\/wp-content\/uploads\/2_P1010528.jpg?zoom=3&amp;resize=150%2C150&amp;ssl=1 450w\" sizes=\"auto, (max-width: 150px) 100vw, 150px\" data-attachment-id=\"1814\" data-permalink=\"https:\/\/www.maennerchor-ermlitz.de\/?attachment_id=1814\" data-orig-file=\"https:\/\/i0.wp.com\/www.maennerchor-ermlitz.de\/wp-content\/uploads\/2_P1010528.jpg?fit=1024%2C768&amp;ssl=1\" data-orig-size=\"1024,768\" data-comments-opened=\"1\" data-image-meta=\"{&quot;aperture&quot;:&quot;0&quot;,&quot;credit&quot;:&quot;&quot;,&quot;camera&quot;:&quot;&quot;,&quot;caption&quot;:&quot;&quot;,&quot;created_timestamp&quot;:&quot;0&quot;,&quot;copyright&quot;:&quot;&quot;,&quot;focal_length&quot;:&quot;0&quot;,&quot;iso&quot;:&quot;0&quot;,&quot;shutter_speed&quot;:&quot;0&quot;,&quot;title&quot;:&quot;&quot;,&quot;orientation&quot;:&quot;0&quot;}\" data-image-title=\"2_P1010528\" data-image-description=\"\" data-image-caption=\"\" data-large-file=\"https:\/\/i0.wp.com\/www.maennerchor-ermlitz.de\/wp-content\/uploads\/2_P1010528.jpg?fit=1024%2C768&amp;ssl=1\" \/><\/a>\n\t\t\t<\/dt><\/dl><dl class='gallery-item'>\n\t\t\t<dt class='gallery-icon portrait'>\n\t\t\t\t<a href='https:\/\/i0.wp.com\/www.maennerchor-ermlitz.de\/wp-content\/uploads\/3_P1010536.jpg?fit=576%2C768&ssl=1' title=\"\" data-rl_title=\"\" class=\"rl-gallery-link\" data-rl_caption=\"\" data-rel=\"lightbox-gallery-1\"><img loading=\"lazy\" decoding=\"async\" width=\"150\" height=\"150\" src=\"https:\/\/i0.wp.com\/www.maennerchor-ermlitz.de\/wp-content\/uploads\/3_P1010536.jpg?resize=150%2C150&amp;ssl=1\" class=\"attachment-thumbnail size-thumbnail\" alt=\"\" srcset=\"https:\/\/i0.wp.com\/www.maennerchor-ermlitz.de\/wp-content\/uploads\/3_P1010536.jpg?resize=150%2C150&amp;ssl=1 150w, https:\/\/i0.wp.com\/www.maennerchor-ermlitz.de\/wp-content\/uploads\/3_P1010536.jpg?resize=145%2C145&amp;ssl=1 145w, https:\/\/i0.wp.com\/www.maennerchor-ermlitz.de\/wp-content\/uploads\/3_P1010536.jpg?resize=50%2C50&amp;ssl=1 50w, https:\/\/i0.wp.com\/www.maennerchor-ermlitz.de\/wp-content\/uploads\/3_P1010536.jpg?zoom=2&amp;resize=150%2C150&amp;ssl=1 300w, https:\/\/i0.wp.com\/www.maennerchor-ermlitz.de\/wp-content\/uploads\/3_P1010536.jpg?zoom=3&amp;resize=150%2C150&amp;ssl=1 450w\" sizes=\"auto, (max-width: 150px) 100vw, 150px\" data-attachment-id=\"1815\" data-permalink=\"https:\/\/www.maennerchor-ermlitz.de\/?attachment_id=1815\" data-orig-file=\"https:\/\/i0.wp.com\/www.maennerchor-ermlitz.de\/wp-content\/uploads\/3_P1010536.jpg?fit=576%2C768&amp;ssl=1\" data-orig-size=\"576,768\" data-comments-opened=\"1\" data-image-meta=\"{&quot;aperture&quot;:&quot;0&quot;,&quot;credit&quot;:&quot;&quot;,&quot;camera&quot;:&quot;&quot;,&quot;caption&quot;:&quot;&quot;,&quot;created_timestamp&quot;:&quot;0&quot;,&quot;copyright&quot;:&quot;&quot;,&quot;focal_length&quot;:&quot;0&quot;,&quot;iso&quot;:&quot;0&quot;,&quot;shutter_speed&quot;:&quot;0&quot;,&quot;title&quot;:&quot;&quot;,&quot;orientation&quot;:&quot;0&quot;}\" data-image-title=\"3_P1010536\" data-image-description=\"\" data-image-caption=\"\" data-large-file=\"https:\/\/i0.wp.com\/www.maennerchor-ermlitz.de\/wp-content\/uploads\/3_P1010536.jpg?fit=576%2C768&amp;ssl=1\" \/><\/a>\n\t\t\t<\/dt><\/dl><dl class='gallery-item'>\n\t\t\t<dt class='gallery-icon landscape'>\n\t\t\t\t<a href='https:\/\/i0.wp.com\/www.maennerchor-ermlitz.de\/wp-content\/uploads\/4_P1010533.jpg?fit=1024%2C768&ssl=1' title=\"\" data-rl_title=\"\" class=\"rl-gallery-link\" data-rl_caption=\"\" data-rel=\"lightbox-gallery-1\"><img loading=\"lazy\" decoding=\"async\" width=\"150\" height=\"150\" src=\"https:\/\/i0.wp.com\/www.maennerchor-ermlitz.de\/wp-content\/uploads\/4_P1010533.jpg?resize=150%2C150&amp;ssl=1\" class=\"attachment-thumbnail size-thumbnail\" alt=\"\" srcset=\"https:\/\/i0.wp.com\/www.maennerchor-ermlitz.de\/wp-content\/uploads\/4_P1010533.jpg?resize=150%2C150&amp;ssl=1 150w, https:\/\/i0.wp.com\/www.maennerchor-ermlitz.de\/wp-content\/uploads\/4_P1010533.jpg?resize=145%2C145&amp;ssl=1 145w, https:\/\/i0.wp.com\/www.maennerchor-ermlitz.de\/wp-content\/uploads\/4_P1010533.jpg?resize=50%2C50&amp;ssl=1 50w, https:\/\/i0.wp.com\/www.maennerchor-ermlitz.de\/wp-content\/uploads\/4_P1010533.jpg?zoom=2&amp;resize=150%2C150&amp;ssl=1 300w, https:\/\/i0.wp.com\/www.maennerchor-ermlitz.de\/wp-content\/uploads\/4_P1010533.jpg?zoom=3&amp;resize=150%2C150&amp;ssl=1 450w\" sizes=\"auto, (max-width: 150px) 100vw, 150px\" data-attachment-id=\"1816\" data-permalink=\"https:\/\/www.maennerchor-ermlitz.de\/?attachment_id=1816\" data-orig-file=\"https:\/\/i0.wp.com\/www.maennerchor-ermlitz.de\/wp-content\/uploads\/4_P1010533.jpg?fit=1024%2C768&amp;ssl=1\" data-orig-size=\"1024,768\" data-comments-opened=\"1\" data-image-meta=\"{&quot;aperture&quot;:&quot;0&quot;,&quot;credit&quot;:&quot;&quot;,&quot;camera&quot;:&quot;&quot;,&quot;caption&quot;:&quot;&quot;,&quot;created_timestamp&quot;:&quot;0&quot;,&quot;copyright&quot;:&quot;&quot;,&quot;focal_length&quot;:&quot;0&quot;,&quot;iso&quot;:&quot;0&quot;,&quot;shutter_speed&quot;:&quot;0&quot;,&quot;title&quot;:&quot;&quot;,&quot;orientation&quot;:&quot;0&quot;}\" data-image-title=\"4_P1010533\" data-image-description=\"\" data-image-caption=\"\" data-large-file=\"https:\/\/i0.wp.com\/www.maennerchor-ermlitz.de\/wp-content\/uploads\/4_P1010533.jpg?fit=1024%2C768&amp;ssl=1\" \/><\/a>\n\t\t\t<\/dt><\/dl><br style=\"clear: both\" \/><dl class='gallery-item'>\n\t\t\t<dt class='gallery-icon landscape'>\n\t\t\t\t<a href='https:\/\/i0.wp.com\/www.maennerchor-ermlitz.de\/wp-content\/uploads\/5_P1010539.jpg?fit=1024%2C768&ssl=1' title=\"\" data-rl_title=\"\" class=\"rl-gallery-link\" data-rl_caption=\"\" data-rel=\"lightbox-gallery-1\"><img loading=\"lazy\" decoding=\"async\" width=\"150\" height=\"150\" src=\"https:\/\/i0.wp.com\/www.maennerchor-ermlitz.de\/wp-content\/uploads\/5_P1010539.jpg?resize=150%2C150&amp;ssl=1\" class=\"attachment-thumbnail size-thumbnail\" alt=\"\" srcset=\"https:\/\/i0.wp.com\/www.maennerchor-ermlitz.de\/wp-content\/uploads\/5_P1010539.jpg?resize=150%2C150&amp;ssl=1 150w, https:\/\/i0.wp.com\/www.maennerchor-ermlitz.de\/wp-content\/uploads\/5_P1010539.jpg?resize=145%2C145&amp;ssl=1 145w, https:\/\/i0.wp.com\/www.maennerchor-ermlitz.de\/wp-content\/uploads\/5_P1010539.jpg?resize=50%2C50&amp;ssl=1 50w, https:\/\/i0.wp.com\/www.maennerchor-ermlitz.de\/wp-content\/uploads\/5_P1010539.jpg?zoom=2&amp;resize=150%2C150&amp;ssl=1 300w, https:\/\/i0.wp.com\/www.maennerchor-ermlitz.de\/wp-content\/uploads\/5_P1010539.jpg?zoom=3&amp;resize=150%2C150&amp;ssl=1 450w\" sizes=\"auto, (max-width: 150px) 100vw, 150px\" data-attachment-id=\"1817\" data-permalink=\"https:\/\/www.maennerchor-ermlitz.de\/?attachment_id=1817\" data-orig-file=\"https:\/\/i0.wp.com\/www.maennerchor-ermlitz.de\/wp-content\/uploads\/5_P1010539.jpg?fit=1024%2C768&amp;ssl=1\" data-orig-size=\"1024,768\" data-comments-opened=\"1\" data-image-meta=\"{&quot;aperture&quot;:&quot;0&quot;,&quot;credit&quot;:&quot;&quot;,&quot;camera&quot;:&quot;&quot;,&quot;caption&quot;:&quot;&quot;,&quot;created_timestamp&quot;:&quot;0&quot;,&quot;copyright&quot;:&quot;&quot;,&quot;focal_length&quot;:&quot;0&quot;,&quot;iso&quot;:&quot;0&quot;,&quot;shutter_speed&quot;:&quot;0&quot;,&quot;title&quot;:&quot;&quot;,&quot;orientation&quot;:&quot;0&quot;}\" data-image-title=\"5_P1010539\" data-image-description=\"\" data-image-caption=\"\" data-large-file=\"https:\/\/i0.wp.com\/www.maennerchor-ermlitz.de\/wp-content\/uploads\/5_P1010539.jpg?fit=1024%2C768&amp;ssl=1\" \/><\/a>\n\t\t\t<\/dt><\/dl><dl class='gallery-item'>\n\t\t\t<dt class='gallery-icon landscape'>\n\t\t\t\t<a href='https:\/\/i0.wp.com\/www.maennerchor-ermlitz.de\/wp-content\/uploads\/6_P1010540.jpg?fit=1024%2C768&ssl=1' title=\"\" data-rl_title=\"\" class=\"rl-gallery-link\" data-rl_caption=\"\" data-rel=\"lightbox-gallery-1\"><img loading=\"lazy\" decoding=\"async\" width=\"150\" height=\"150\" src=\"https:\/\/i0.wp.com\/www.maennerchor-ermlitz.de\/wp-content\/uploads\/6_P1010540.jpg?resize=150%2C150&amp;ssl=1\" class=\"attachment-thumbnail size-thumbnail\" alt=\"\" srcset=\"https:\/\/i0.wp.com\/www.maennerchor-ermlitz.de\/wp-content\/uploads\/6_P1010540.jpg?resize=150%2C150&amp;ssl=1 150w, https:\/\/i0.wp.com\/www.maennerchor-ermlitz.de\/wp-content\/uploads\/6_P1010540.jpg?resize=145%2C145&amp;ssl=1 145w, https:\/\/i0.wp.com\/www.maennerchor-ermlitz.de\/wp-content\/uploads\/6_P1010540.jpg?resize=50%2C50&amp;ssl=1 50w, https:\/\/i0.wp.com\/www.maennerchor-ermlitz.de\/wp-content\/uploads\/6_P1010540.jpg?zoom=2&amp;resize=150%2C150&amp;ssl=1 300w, https:\/\/i0.wp.com\/www.maennerchor-ermlitz.de\/wp-content\/uploads\/6_P1010540.jpg?zoom=3&amp;resize=150%2C150&amp;ssl=1 450w\" sizes=\"auto, (max-width: 150px) 100vw, 150px\" data-attachment-id=\"1818\" data-permalink=\"https:\/\/www.maennerchor-ermlitz.de\/?attachment_id=1818\" data-orig-file=\"https:\/\/i0.wp.com\/www.maennerchor-ermlitz.de\/wp-content\/uploads\/6_P1010540.jpg?fit=1024%2C768&amp;ssl=1\" data-orig-size=\"1024,768\" data-comments-opened=\"1\" data-image-meta=\"{&quot;aperture&quot;:&quot;0&quot;,&quot;credit&quot;:&quot;&quot;,&quot;camera&quot;:&quot;&quot;,&quot;caption&quot;:&quot;&quot;,&quot;created_timestamp&quot;:&quot;0&quot;,&quot;copyright&quot;:&quot;&quot;,&quot;focal_length&quot;:&quot;0&quot;,&quot;iso&quot;:&quot;0&quot;,&quot;shutter_speed&quot;:&quot;0&quot;,&quot;title&quot;:&quot;&quot;,&quot;orientation&quot;:&quot;0&quot;}\" data-image-title=\"6_P1010540\" data-image-description=\"\" data-image-caption=\"\" data-large-file=\"https:\/\/i0.wp.com\/www.maennerchor-ermlitz.de\/wp-content\/uploads\/6_P1010540.jpg?fit=1024%2C768&amp;ssl=1\" \/><\/a>\n\t\t\t<\/dt><\/dl><dl class='gallery-item'>\n\t\t\t<dt class='gallery-icon landscape'>\n\t\t\t\t<a href='https:\/\/i0.wp.com\/www.maennerchor-ermlitz.de\/wp-content\/uploads\/7_P1010546.jpg?fit=1024%2C768&ssl=1' title=\"\" data-rl_title=\"\" class=\"rl-gallery-link\" data-rl_caption=\"\" data-rel=\"lightbox-gallery-1\"><img loading=\"lazy\" decoding=\"async\" width=\"150\" height=\"150\" src=\"https:\/\/i0.wp.com\/www.maennerchor-ermlitz.de\/wp-content\/uploads\/7_P1010546.jpg?resize=150%2C150&amp;ssl=1\" class=\"attachment-thumbnail size-thumbnail\" alt=\"\" srcset=\"https:\/\/i0.wp.com\/www.maennerchor-ermlitz.de\/wp-content\/uploads\/7_P1010546.jpg?resize=150%2C150&amp;ssl=1 150w, https:\/\/i0.wp.com\/www.maennerchor-ermlitz.de\/wp-content\/uploads\/7_P1010546.jpg?resize=145%2C145&amp;ssl=1 145w, https:\/\/i0.wp.com\/www.maennerchor-ermlitz.de\/wp-content\/uploads\/7_P1010546.jpg?resize=50%2C50&amp;ssl=1 50w, https:\/\/i0.wp.com\/www.maennerchor-ermlitz.de\/wp-content\/uploads\/7_P1010546.jpg?zoom=2&amp;resize=150%2C150&amp;ssl=1 300w, https:\/\/i0.wp.com\/www.maennerchor-ermlitz.de\/wp-content\/uploads\/7_P1010546.jpg?zoom=3&amp;resize=150%2C150&amp;ssl=1 450w\" sizes=\"auto, (max-width: 150px) 100vw, 150px\" data-attachment-id=\"1819\" data-permalink=\"https:\/\/www.maennerchor-ermlitz.de\/?attachment_id=1819\" data-orig-file=\"https:\/\/i0.wp.com\/www.maennerchor-ermlitz.de\/wp-content\/uploads\/7_P1010546.jpg?fit=1024%2C768&amp;ssl=1\" data-orig-size=\"1024,768\" data-comments-opened=\"1\" data-image-meta=\"{&quot;aperture&quot;:&quot;0&quot;,&quot;credit&quot;:&quot;&quot;,&quot;camera&quot;:&quot;&quot;,&quot;caption&quot;:&quot;&quot;,&quot;created_timestamp&quot;:&quot;0&quot;,&quot;copyright&quot;:&quot;&quot;,&quot;focal_length&quot;:&quot;0&quot;,&quot;iso&quot;:&quot;0&quot;,&quot;shutter_speed&quot;:&quot;0&quot;,&quot;title&quot;:&quot;&quot;,&quot;orientation&quot;:&quot;0&quot;}\" data-image-title=\"7_P1010546\" data-image-description=\"\" data-image-caption=\"\" data-large-file=\"https:\/\/i0.wp.com\/www.maennerchor-ermlitz.de\/wp-content\/uploads\/7_P1010546.jpg?fit=1024%2C768&amp;ssl=1\" \/><\/a>\n\t\t\t<\/dt><\/dl><dl class='gallery-item'>\n\t\t\t<dt class='gallery-icon landscape'>\n\t\t\t\t<a href='https:\/\/i0.wp.com\/www.maennerchor-ermlitz.de\/wp-content\/uploads\/8_P1010547.jpg?fit=1024%2C768&ssl=1' title=\"\" data-rl_title=\"\" class=\"rl-gallery-link\" data-rl_caption=\"\" data-rel=\"lightbox-gallery-1\"><img loading=\"lazy\" decoding=\"async\" width=\"150\" height=\"150\" src=\"https:\/\/i0.wp.com\/www.maennerchor-ermlitz.de\/wp-content\/uploads\/8_P1010547.jpg?resize=150%2C150&amp;ssl=1\" class=\"attachment-thumbnail size-thumbnail\" alt=\"\" srcset=\"https:\/\/i0.wp.com\/www.maennerchor-ermlitz.de\/wp-content\/uploads\/8_P1010547.jpg?resize=150%2C150&amp;ssl=1 150w, https:\/\/i0.wp.com\/www.maennerchor-ermlitz.de\/wp-content\/uploads\/8_P1010547.jpg?resize=145%2C145&amp;ssl=1 145w, https:\/\/i0.wp.com\/www.maennerchor-ermlitz.de\/wp-content\/uploads\/8_P1010547.jpg?resize=50%2C50&amp;ssl=1 50w, https:\/\/i0.wp.com\/www.maennerchor-ermlitz.de\/wp-content\/uploads\/8_P1010547.jpg?zoom=2&amp;resize=150%2C150&amp;ssl=1 300w, https:\/\/i0.wp.com\/www.maennerchor-ermlitz.de\/wp-content\/uploads\/8_P1010547.jpg?zoom=3&amp;resize=150%2C150&amp;ssl=1 450w\" sizes=\"auto, (max-width: 150px) 100vw, 150px\" data-attachment-id=\"1820\" data-permalink=\"https:\/\/www.maennerchor-ermlitz.de\/?attachment_id=1820\" data-orig-file=\"https:\/\/i0.wp.com\/www.maennerchor-ermlitz.de\/wp-content\/uploads\/8_P1010547.jpg?fit=1024%2C768&amp;ssl=1\" data-orig-size=\"1024,768\" data-comments-opened=\"1\" data-image-meta=\"{&quot;aperture&quot;:&quot;0&quot;,&quot;credit&quot;:&quot;&quot;,&quot;camera&quot;:&quot;&quot;,&quot;caption&quot;:&quot;&quot;,&quot;created_timestamp&quot;:&quot;0&quot;,&quot;copyright&quot;:&quot;&quot;,&quot;focal_length&quot;:&quot;0&quot;,&quot;iso&quot;:&quot;0&quot;,&quot;shutter_speed&quot;:&quot;0&quot;,&quot;title&quot;:&quot;&quot;,&quot;orientation&quot;:&quot;0&quot;}\" data-image-title=\"8_P1010547\" data-image-description=\"\" data-image-caption=\"\" data-large-file=\"https:\/\/i0.wp.com\/www.maennerchor-ermlitz.de\/wp-content\/uploads\/8_P1010547.jpg?fit=1024%2C768&amp;ssl=1\" \/><\/a>\n\t\t\t<\/dt><\/dl><br style=\"clear: both\" \/>\n\t\t<\/div>\n\n<p>Nach der Weinprobe sind wir dann mit Geiseltal-Express weiter zum Hafen der &#8222;Marina&#8220; M\u00fccheln gefahren.<br \/>\nIm &#8222;Pier 5&#8220; waren ab 17.30 Uhr f\u00fcr den Ausklang der Fahrt Pl\u00e4tze reserviert.<br \/>\nF\u00fcr das leibliche Wohl war in der Gastst\u00e4tte bestens gesorgt. Der Gesang des Chores kam auch nicht zu kurz. Da man im Hafen war, wurden neben Weinlieder auch Seemannslieder f\u00fcr unsere Chorfrauen und F\u00f6rdermitglieder angestimmt.<\/p>\n<p>21.30 Uhr ging es dann mit Bus wieder zur\u00fcck nach Ermlitz. Es war eine sehr sch\u00f6ner Ausflug in die n\u00e4here Umgebung. Hauptorganisator der Vereinsfahrt war unser Vereinsvorsitzender Siegmund Weinert, dem an dieser Stelle ein Dank ausgesprochen werden muss.<\/p>\n","protected":false},"excerpt":{"rendered":"<p>Das Ziel der diesj\u00e4hrigen S\u00e4ngerfahrt war der Geiseltalsee. S\u00e4ngerfahrten und Vereinsvergn\u00fcgen erm\u00f6glichen es uns S\u00e4ngern mit unseren Frauen und F\u00f6rdermitgliedern gemeinsam etwas zu unternehmen. Es ging mit dem Bus nach Braunsbedra. An der &#8222;Marina&#8220; stand der Geiseltalsee-Express f\u00fcr eine Seeumrundung bereit. W\u00e4hrend der Fahrt wurde Wissenswertes \u00fcber die Entstehung des Sees vermittelt. Auf dem Weinberg [&hellip;]<\/p>\n","protected":false},"author":1,"featured_media":1813,"comment_status":"open","ping_status":"open","sticky":false,"template":"","format":"standard","meta":{"jetpack_post_was_ever_published":false,"_jetpack_newsletter_access":"","_jetpack_dont_email_post_to_subs":false,"_jetpack_newsletter_tier_id":0,"_jetpack_memberships_contains_paywalled_content":false,"_jetpack_memberships_contains_paid_content":false,"footnotes":"","jetpack_publicize_message":"","jetpack_publicize_feature_enabled":true,"jetpack_social_post_already_shared":true,"jetpack_social_options":{"image_generator_settings":{"template":"highway","default_image_id":0,"font":"","enabled":false},"version":2}},"categories":[1],"tags":[105,101,39,103,102,100,104],"class_list":["post-1822","post","type-post","status-publish","format-standard","has-post-thumbnail","hentry","category-news","tag-braunsbedra","tag-geiseltalsee","tag-maennerchor-ermlitz-e-v","tag-marina-muecheln","tag-pier-5","tag-vereinsfahrt-2017","tag-weingut"],"jetpack_publicize_connections":[],"jetpack_featured_media_url":"https:\/\/i0.wp.com\/www.maennerchor-ermlitz.de\/wp-content\/uploads\/1_P1010526.jpg?fit=576%2C768&ssl=1","jetpack_sharing_enabled":true,"jetpack_shortlink":"https:\/\/wp.me\/p5m6MX-to","jetpack-related-posts":[{"id":3722,"url":"https:\/\/www.maennerchor-ermlitz.de\/?p=3722","url_meta":{"origin":1822,"position":0},"title":"07.07. Landesgartenschau Burg 2018","author":"Administrator","date":"19. Juli 2018","format":false,"excerpt":"Der \"M\u00e4nnerchor Ermlitz e.V.\" war unter Leitung von Erik Schober mit einem Konzert auf der Landesgartenschau in Burg vertreten. Es fand an der Weinlaube des Weinberges bei gutem Wein und herrlichem Wetter statt. Dem Umstand geschuldet ist das Konzert mit dem Weinlied \u201eAus der Traube in die Tonne\u201c er\u00f6ffnet worden.\u2026","rel":"","context":"In &quot;News&quot;","block_context":{"text":"News","link":"https:\/\/www.maennerchor-ermlitz.de\/?cat=1"},"img":{"alt_text":"","src":"https:\/\/i0.wp.com\/www.maennerchor-ermlitz.de\/wp-content\/uploads\/P1050068.jpg?resize=350%2C200","width":350,"height":200,"srcset":"https:\/\/i0.wp.com\/www.maennerchor-ermlitz.de\/wp-content\/uploads\/P1050068.jpg?resize=350%2C200 1x, https:\/\/i0.wp.com\/www.maennerchor-ermlitz.de\/wp-content\/uploads\/P1050068.jpg?resize=525%2C300 1.5x, https:\/\/i0.wp.com\/www.maennerchor-ermlitz.de\/wp-content\/uploads\/P1050068.jpg?resize=700%2C400 2x"},"classes":[]},{"id":1537,"url":"https:\/\/www.maennerchor-ermlitz.de\/?p=1537","url_meta":{"origin":1822,"position":1},"title":"04.07. Vereinsfahrt nach Erfurt","author":"Administrator","date":"6. Dezember 2015","format":false,"excerpt":"Im Ermlitzer M\u00e4nnerchor wird nicht nur gesungen. In diesem Jahr gingen die S\u00e4nger mit ihren Ehepartner wieder auf gro\u00dfe Fahrt. Das Reiseziel war die Landeshauptstadt Th\u00fcringens Erfurt. Bei einer Stadtf\u00fchrung wurden die Sehensw\u00fcrdigkeiten von Erfurt angesehen. Der H\u00f6hepunkt war die Besichtigung des Domes. Im Dom hatte der Chor die M\u00f6glichkeit\u2026","rel":"","context":"In &quot;News&quot;","block_context":{"text":"News","link":"https:\/\/www.maennerchor-ermlitz.de\/?cat=1"},"img":{"alt_text":"","src":"https:\/\/i0.wp.com\/www.maennerchor-ermlitz.de\/wp-content\/uploads\/2015-ChE-050.jpg?fit=1200%2C800&ssl=1&resize=350%2C200","width":350,"height":200,"srcset":"https:\/\/i0.wp.com\/www.maennerchor-ermlitz.de\/wp-content\/uploads\/2015-ChE-050.jpg?fit=1200%2C800&ssl=1&resize=350%2C200 1x, https:\/\/i0.wp.com\/www.maennerchor-ermlitz.de\/wp-content\/uploads\/2015-ChE-050.jpg?fit=1200%2C800&ssl=1&resize=525%2C300 1.5x, https:\/\/i0.wp.com\/www.maennerchor-ermlitz.de\/wp-content\/uploads\/2015-ChE-050.jpg?fit=1200%2C800&ssl=1&resize=700%2C400 2x, https:\/\/i0.wp.com\/www.maennerchor-ermlitz.de\/wp-content\/uploads\/2015-ChE-050.jpg?fit=1200%2C800&ssl=1&resize=1050%2C600 3x"},"classes":[]},{"id":1570,"url":"https:\/\/www.maennerchor-ermlitz.de\/?p=1570","url_meta":{"origin":1822,"position":2},"title":"02.02. Jahreshauptversammlung","author":"Administrator","date":"15. Februar 2016","format":false,"excerpt":"Der 1. Vereinsvorsitzende hat Rechenschaft \u00fcber die geleistete Arbeit des M\u00e4nnerchores Ermlitz e. V. im Wirtschaftsjahr 2015 gelegt. Vor seinen Ausf\u00fchrungen wurde mit einer Schweigeminute an den verstorbenen Sangesfreund J\u00fcrgen Bringezu und ehemaligen Chorleiter Ronald Drescher gedacht. Im Namen des Vorstandes dankte der 1. Vereinsvorsitzende dem Chorleiter Erik Schober, allen\u2026","rel":"","context":"In &quot;News&quot;","block_context":{"text":"News","link":"https:\/\/www.maennerchor-ermlitz.de\/?cat=1"},"img":{"alt_text":"","src":"","width":0,"height":0},"classes":[]},{"id":4307,"url":"https:\/\/www.maennerchor-ermlitz.de\/?p=4307","url_meta":{"origin":1822,"position":3},"title":"12.02. Jahreshauptversammlung","author":"Administrator","date":"20. Februar 2019","format":false,"excerpt":"Der 1. Vorsitzende des Chorvorstandes Siegmund Weinert hat Rechenschaft \u00fcber die geleistete Arbeit des Chores im Jahr 2018 abgelegt. Er dankte allen f\u00fcr die geleistete Arbeit. Im Berichtsjahr geh\u00f6rten dem Chor 28 aktive Sangesfreunde an. 10 f\u00f6rdernde Mitglieder unterst\u00fctzen den Chor dankenswerterweise. Es wurden 41 Chorproben durchgef\u00fchrt. Um das Vereinsleben\u2026","rel":"","context":"In &quot;News&quot;","block_context":{"text":"News","link":"https:\/\/www.maennerchor-ermlitz.de\/?cat=1"},"img":{"alt_text":"","src":"","width":0,"height":0},"classes":[]},{"id":2081,"url":"https:\/\/www.maennerchor-ermlitz.de\/?p=2081","url_meta":{"origin":1822,"position":4},"title":"06.02.  Jahreshauptversammlung","author":"Administrator","date":"26. Februar 2018","format":false,"excerpt":"Der 1. Vereinsvorsitzende Siegmund Weinert hat Rechenschaft \u00fcber die geleistete Arbeit im Wirtschaftsjahr 2017 gelegt. Zu Beginn der Versammlung wurde mit einer Schweigeminute\u00a0 an den verstorbenen Sangesfreund Gerd M\u00f6ritz und an das f\u00f6rdernde Mitglied des Chores Andreas Herzog gedacht. Gerd M\u00f6ritz war 30 Jahre aktives Mitglied des Chores. Es \u00a0wurden\u2026","rel":"","context":"In &quot;News&quot;","block_context":{"text":"News","link":"https:\/\/www.maennerchor-ermlitz.de\/?cat=1"},"img":{"alt_text":"","src":"https:\/\/i0.wp.com\/www.maennerchor-ermlitz.de\/wp-content\/uploads\/002.jpg?resize=350%2C200","width":350,"height":200},"classes":[]},{"id":1779,"url":"https:\/\/www.maennerchor-ermlitz.de\/?p=1779","url_meta":{"origin":1822,"position":5},"title":"25.05. M\u00e4nnertag im M\u00e4nnerchor Ermlitz","author":"Administrator","date":"16. Juni 2017","format":false,"excerpt":"Im M\u00e4nnerchor Ermlitz wird nicht nur gesungen, sondern auch gefeiert. Es ist bereits zur festen Tradition geworden, dass sich die S\u00e4nger am Himmelfahrtstag in geselliger Runde zusammen finden. F\u00fcr das leibliche Wohl hat wie immer der Vorstand des Chores gesorgt.","rel":"","context":"In &quot;News&quot;","block_context":{"text":"News","link":"https:\/\/www.maennerchor-ermlitz.de\/?cat=1"},"img":{"alt_text":"","src":"","width":0,"height":0},"classes":[]}],"_links":{"self":[{"href":"https:\/\/www.maennerchor-ermlitz.de\/index.php?rest_route=\/wp\/v2\/posts\/1822","targetHints":{"allow":["GET"]}}],"collection":[{"href":"https:\/\/www.maennerchor-ermlitz.de\/index.php?rest_route=\/wp\/v2\/posts"}],"about":[{"href":"https:\/\/www.maennerchor-ermlitz.de\/index.php?rest_route=\/wp\/v2\/types\/post"}],"author":[{"embeddable":true,"href":"https:\/\/www.maennerchor-ermlitz.de\/index.php?rest_route=\/wp\/v2\/users\/1"}],"replies":[{"embeddable":true,"href":"https:\/\/www.maennerchor-ermlitz.de\/index.php?rest_route=%2Fwp%2Fv2%2Fcomments&post=1822"}],"version-history":[{"count":1,"href":"https:\/\/www.maennerchor-ermlitz.de\/index.php?rest_route=\/wp\/v2\/posts\/1822\/revisions"}],"predecessor-version":[{"id":1823,"href":"https:\/\/www.maennerchor-ermlitz.de\/index.php?rest_route=\/wp\/v2\/posts\/1822\/revisions\/1823"}],"wp:featuredmedia":[{"embeddable":true,"href":"https:\/\/www.maennerchor-ermlitz.de\/index.php?rest_route=\/wp\/v2\/media\/1813"}],"wp:attachment":[{"href":"https:\/\/www.maennerchor-ermlitz.de\/index.php?rest_route=%2Fwp%2Fv2%2Fmedia&parent=1822"}],"wp:term":[{"taxonomy":"category","embeddable":true,"href":"https:\/\/www.maennerchor-ermlitz.de\/index.php?rest_route=%2Fwp%2Fv2%2Fcategories&post=1822"},{"taxonomy":"post_tag","embeddable":true,"href":"https:\/\/www.maennerchor-ermlitz.de\/index.php?rest_route=%2Fwp%2Fv2%2Ftags&post=1822"}],"curies":[{"name":"wp","href":"https:\/\/api.w.org\/{rel}","templated":true}]}}