{"id":3722,"date":"2018-07-19T15:58:59","date_gmt":"2018-07-19T13:58:59","guid":{"rendered":"https:\/\/www.maennerchor-ermlitz.de\/?p=3722"},"modified":"2018-07-20T19:13:05","modified_gmt":"2018-07-20T17:13:05","slug":"07-07-landesgartenschau-burg-2018","status":"publish","type":"post","link":"https:\/\/www.maennerchor-ermlitz.de\/?p=3722","title":{"rendered":"07.07. Landesgartenschau Burg 2018"},"content":{"rendered":"<p>Der &#8222;M\u00e4nnerchor Ermlitz e.V.&#8220; war unter Leitung von Erik Schober mit einem Konzert auf der Landesgartenschau in Burg vertreten. Es fand an der Weinlaube des Weinberges bei gutem Wein und herrlichem Wetter statt.<br \/>\nDem Umstand geschuldet ist das Konzert mit dem Weinlied \u201eAus der Traube in die Tonne\u201c er\u00f6ffnet worden. Es folgten bekannte Schlager und als Zugabe das Weinlied \u201eChianti-Wein\u201c.<\/p>\n<p>Die S\u00e4nger sind nicht alleine zur Gartenschau gefahren. Sie wurden von ihren Ehepartnern begleitet.. Nach dem Auftritt gab es noch Zeit zur Besichtigung der Landesgartenschau.<br \/>\nDer Ausklang der Fahrt war bei Buffet und Getr\u00e4nken im Gasthaus Meyer.<\/p>\n\n\t\t<style type=\"text\/css\">\n\t\t\t#gallery-1 {\n\t\t\t\tmargin: auto;\n\t\t\t}\n\t\t\t#gallery-1 .gallery-item {\n\t\t\t\tfloat: left;\n\t\t\t\tmargin-top: 10px;\n\t\t\t\ttext-align: center;\n\t\t\t\twidth: 33%;\n\t\t\t}\n\t\t\t#gallery-1 img {\n\t\t\t\tborder: 2px solid #cfcfcf;\n\t\t\t}\n\t\t\t#gallery-1 .gallery-caption {\n\t\t\t\tmargin-left: 0;\n\t\t\t}\n\t\t\t\/* see gallery_shortcode() in wp-includes\/media.php *\/\n\t\t<\/style>\n\t\t<div data-carousel-extra='{&quot;blog_id&quot;:1,&quot;permalink&quot;:&quot;https:\/\/www.maennerchor-ermlitz.de\/?p=3722&quot;}' id='gallery-1' class='gallery galleryid-3722 gallery-columns-3 gallery-size-thumbnail'><dl class='gallery-item'>\n\t\t\t<dt class='gallery-icon landscape'>\n\t\t\t\t<a href='https:\/\/i0.wp.com\/www.maennerchor-ermlitz.de\/wp-content\/uploads\/P1050068.jpg?fit=1024%2C768&ssl=1' title=\"\" data-rl_title=\"\" class=\"rl-gallery-link\" data-rl_caption=\"\" data-rel=\"lightbox-gallery-1\"><img loading=\"lazy\" decoding=\"async\" width=\"150\" height=\"150\" src=\"https:\/\/i0.wp.com\/www.maennerchor-ermlitz.de\/wp-content\/uploads\/P1050068.jpg?resize=150%2C150&amp;ssl=1\" class=\"attachment-thumbnail size-thumbnail\" alt=\"\" srcset=\"https:\/\/i0.wp.com\/www.maennerchor-ermlitz.de\/wp-content\/uploads\/P1050068.jpg?resize=150%2C150&amp;ssl=1 150w, https:\/\/i0.wp.com\/www.maennerchor-ermlitz.de\/wp-content\/uploads\/P1050068.jpg?resize=145%2C145&amp;ssl=1 145w, https:\/\/i0.wp.com\/www.maennerchor-ermlitz.de\/wp-content\/uploads\/P1050068.jpg?resize=50%2C50&amp;ssl=1 50w, https:\/\/i0.wp.com\/www.maennerchor-ermlitz.de\/wp-content\/uploads\/P1050068.jpg?zoom=2&amp;resize=150%2C150&amp;ssl=1 300w, https:\/\/i0.wp.com\/www.maennerchor-ermlitz.de\/wp-content\/uploads\/P1050068.jpg?zoom=3&amp;resize=150%2C150&amp;ssl=1 450w\" sizes=\"auto, (max-width: 150px) 100vw, 150px\" data-attachment-id=\"3729\" data-permalink=\"https:\/\/www.maennerchor-ermlitz.de\/?attachment_id=3729\" data-orig-file=\"https:\/\/i0.wp.com\/www.maennerchor-ermlitz.de\/wp-content\/uploads\/P1050068.jpg?fit=1024%2C768&amp;ssl=1\" data-orig-size=\"1024,768\" data-comments-opened=\"1\" data-image-meta=\"{&quot;aperture&quot;:&quot;0&quot;,&quot;credit&quot;:&quot;&quot;,&quot;camera&quot;:&quot;&quot;,&quot;caption&quot;:&quot;&quot;,&quot;created_timestamp&quot;:&quot;0&quot;,&quot;copyright&quot;:&quot;&quot;,&quot;focal_length&quot;:&quot;0&quot;,&quot;iso&quot;:&quot;0&quot;,&quot;shutter_speed&quot;:&quot;0&quot;,&quot;title&quot;:&quot;&quot;,&quot;orientation&quot;:&quot;0&quot;}\" data-image-title=\"P1050068\" data-image-description=\"\" data-image-caption=\"\" data-large-file=\"https:\/\/i0.wp.com\/www.maennerchor-ermlitz.de\/wp-content\/uploads\/P1050068.jpg?fit=1024%2C768&amp;ssl=1\" \/><\/a>\n\t\t\t<\/dt><\/dl><dl class='gallery-item'>\n\t\t\t<dt class='gallery-icon landscape'>\n\t\t\t\t<a href='https:\/\/i0.wp.com\/www.maennerchor-ermlitz.de\/wp-content\/uploads\/P1050072.jpg?fit=1024%2C768&ssl=1' title=\"\" data-rl_title=\"\" class=\"rl-gallery-link\" data-rl_caption=\"\" data-rel=\"lightbox-gallery-1\"><img loading=\"lazy\" decoding=\"async\" width=\"150\" height=\"150\" src=\"https:\/\/i0.wp.com\/www.maennerchor-ermlitz.de\/wp-content\/uploads\/P1050072.jpg?resize=150%2C150&amp;ssl=1\" class=\"attachment-thumbnail size-thumbnail\" alt=\"\" srcset=\"https:\/\/i0.wp.com\/www.maennerchor-ermlitz.de\/wp-content\/uploads\/P1050072.jpg?resize=150%2C150&amp;ssl=1 150w, https:\/\/i0.wp.com\/www.maennerchor-ermlitz.de\/wp-content\/uploads\/P1050072.jpg?resize=145%2C145&amp;ssl=1 145w, https:\/\/i0.wp.com\/www.maennerchor-ermlitz.de\/wp-content\/uploads\/P1050072.jpg?resize=50%2C50&amp;ssl=1 50w, https:\/\/i0.wp.com\/www.maennerchor-ermlitz.de\/wp-content\/uploads\/P1050072.jpg?zoom=2&amp;resize=150%2C150&amp;ssl=1 300w, https:\/\/i0.wp.com\/www.maennerchor-ermlitz.de\/wp-content\/uploads\/P1050072.jpg?zoom=3&amp;resize=150%2C150&amp;ssl=1 450w\" sizes=\"auto, (max-width: 150px) 100vw, 150px\" data-attachment-id=\"3730\" data-permalink=\"https:\/\/www.maennerchor-ermlitz.de\/?attachment_id=3730\" data-orig-file=\"https:\/\/i0.wp.com\/www.maennerchor-ermlitz.de\/wp-content\/uploads\/P1050072.jpg?fit=1024%2C768&amp;ssl=1\" data-orig-size=\"1024,768\" data-comments-opened=\"1\" data-image-meta=\"{&quot;aperture&quot;:&quot;0&quot;,&quot;credit&quot;:&quot;&quot;,&quot;camera&quot;:&quot;&quot;,&quot;caption&quot;:&quot;&quot;,&quot;created_timestamp&quot;:&quot;0&quot;,&quot;copyright&quot;:&quot;&quot;,&quot;focal_length&quot;:&quot;0&quot;,&quot;iso&quot;:&quot;0&quot;,&quot;shutter_speed&quot;:&quot;0&quot;,&quot;title&quot;:&quot;&quot;,&quot;orientation&quot;:&quot;0&quot;}\" data-image-title=\"P1050072\" data-image-description=\"\" data-image-caption=\"\" data-large-file=\"https:\/\/i0.wp.com\/www.maennerchor-ermlitz.de\/wp-content\/uploads\/P1050072.jpg?fit=1024%2C768&amp;ssl=1\" \/><\/a>\n\t\t\t<\/dt><\/dl><dl class='gallery-item'>\n\t\t\t<dt class='gallery-icon landscape'>\n\t\t\t\t<a href='https:\/\/i0.wp.com\/www.maennerchor-ermlitz.de\/wp-content\/uploads\/P1050073.jpg?fit=1024%2C768&ssl=1' title=\"\" data-rl_title=\"\" class=\"rl-gallery-link\" data-rl_caption=\"\" data-rel=\"lightbox-gallery-1\"><img loading=\"lazy\" decoding=\"async\" width=\"150\" height=\"150\" src=\"https:\/\/i0.wp.com\/www.maennerchor-ermlitz.de\/wp-content\/uploads\/P1050073.jpg?resize=150%2C150&amp;ssl=1\" class=\"attachment-thumbnail size-thumbnail\" alt=\"\" srcset=\"https:\/\/i0.wp.com\/www.maennerchor-ermlitz.de\/wp-content\/uploads\/P1050073.jpg?resize=150%2C150&amp;ssl=1 150w, https:\/\/i0.wp.com\/www.maennerchor-ermlitz.de\/wp-content\/uploads\/P1050073.jpg?resize=145%2C145&amp;ssl=1 145w, https:\/\/i0.wp.com\/www.maennerchor-ermlitz.de\/wp-content\/uploads\/P1050073.jpg?resize=50%2C50&amp;ssl=1 50w, https:\/\/i0.wp.com\/www.maennerchor-ermlitz.de\/wp-content\/uploads\/P1050073.jpg?zoom=2&amp;resize=150%2C150&amp;ssl=1 300w, https:\/\/i0.wp.com\/www.maennerchor-ermlitz.de\/wp-content\/uploads\/P1050073.jpg?zoom=3&amp;resize=150%2C150&amp;ssl=1 450w\" sizes=\"auto, (max-width: 150px) 100vw, 150px\" data-attachment-id=\"3731\" data-permalink=\"https:\/\/www.maennerchor-ermlitz.de\/?attachment_id=3731\" data-orig-file=\"https:\/\/i0.wp.com\/www.maennerchor-ermlitz.de\/wp-content\/uploads\/P1050073.jpg?fit=1024%2C768&amp;ssl=1\" data-orig-size=\"1024,768\" data-comments-opened=\"1\" data-image-meta=\"{&quot;aperture&quot;:&quot;0&quot;,&quot;credit&quot;:&quot;&quot;,&quot;camera&quot;:&quot;&quot;,&quot;caption&quot;:&quot;&quot;,&quot;created_timestamp&quot;:&quot;0&quot;,&quot;copyright&quot;:&quot;&quot;,&quot;focal_length&quot;:&quot;0&quot;,&quot;iso&quot;:&quot;0&quot;,&quot;shutter_speed&quot;:&quot;0&quot;,&quot;title&quot;:&quot;&quot;,&quot;orientation&quot;:&quot;0&quot;}\" data-image-title=\"P1050073\" data-image-description=\"\" data-image-caption=\"\" data-large-file=\"https:\/\/i0.wp.com\/www.maennerchor-ermlitz.de\/wp-content\/uploads\/P1050073.jpg?fit=1024%2C768&amp;ssl=1\" \/><\/a>\n\t\t\t<\/dt><\/dl><br style=\"clear: both\" \/>\n\t\t<\/div>\n\n","protected":false},"excerpt":{"rendered":"<p>Der &#8222;M\u00e4nnerchor Ermlitz e.V.&#8220; war unter Leitung von Erik Schober mit einem Konzert auf der Landesgartenschau in Burg vertreten. Es fand an der Weinlaube des Weinberges bei gutem Wein und herrlichem Wetter statt. Dem Umstand geschuldet ist das Konzert mit dem Weinlied \u201eAus der Traube in die Tonne\u201c er\u00f6ffnet worden. Es folgten bekannte Schlager und [&hellip;]<\/p>\n","protected":false},"author":1,"featured_media":0,"comment_status":"open","ping_status":"open","sticky":false,"template":"","format":"standard","meta":{"jetpack_post_was_ever_published":false,"_jetpack_newsletter_access":"","_jetpack_dont_email_post_to_subs":false,"_jetpack_newsletter_tier_id":0,"_jetpack_memberships_contains_paywalled_content":false,"_jetpack_memberships_contains_paid_content":false,"footnotes":"","jetpack_publicize_message":"","jetpack_publicize_feature_enabled":true,"jetpack_social_post_already_shared":true,"jetpack_social_options":{"image_generator_settings":{"template":"highway","default_image_id":0,"font":"","enabled":false},"version":2}},"categories":[1],"tags":[134,133,39,135],"class_list":["post-3722","post","type-post","status-publish","format-standard","hentry","category-news","tag-laga-2018","tag-landesgartenschau-2018","tag-maennerchor-ermlitz-e-v","tag-vereinsfahrt-2018"],"jetpack_publicize_connections":[],"jetpack_featured_media_url":"","jetpack_sharing_enabled":true,"jetpack_shortlink":"https:\/\/wp.me\/p5m6MX-Y2","jetpack-related-posts":[{"id":2839,"url":"https:\/\/www.maennerchor-ermlitz.de\/?p=2839","url_meta":{"origin":3722,"position":0},"title":"Ank\u00fcndigung: Konzert des &#8222;M\u00e4nnerchor Ermlitz e.V.&#8220; auf der Landesgartenschau 2018 in Burg","author":"Administrator","date":"16. Mai 2018","format":false,"excerpt":"Wir laden Sie und Ihre Lieben recht herzlich am 07. Juli 2018 um 13:00 Uhr, sowie um 14:30 Uhr zu unserem Konzert auf der Landesgartenschau 2018 Sachsen-Anhalt in Burg ein!","rel":"","context":"In &quot;News&quot;","block_context":{"text":"News","link":"https:\/\/www.maennerchor-ermlitz.de\/?cat=1"},"img":{"alt_text":"","src":"","width":0,"height":0},"classes":[]},{"id":4208,"url":"https:\/\/www.maennerchor-ermlitz.de\/?p=4208","url_meta":{"origin":3722,"position":1},"title":"Der M\u00e4nnerchor Ermlitz w\u00fcnscht Frohe Weihnachten und alles Gute f\u00fcr 2019!","author":"Administrator","date":"23. Dezember 2018","format":false,"excerpt":"Und wieder ist ein Jahr vorbei. Und der M\u00e4nnerchor Ermlitz e.V. blickt auf ein ereignisreiches Jahr 2018 zur\u00fcck. So k\u00f6nnen wir auch in diesem Jahr wieder auf tolle Highlights zur\u00fcck blicken, in denen der Chor seine G\u00e4ste und Freunde musikalisch verzauberte. Da waren zum Beispiel das Pop- & Filmmusik-Konzert am\u2026","rel":"","context":"In &quot;News&quot;","block_context":{"text":"News","link":"https:\/\/www.maennerchor-ermlitz.de\/?cat=1"},"img":{"alt_text":"","src":"https:\/\/i0.wp.com\/www.maennerchor-ermlitz.de\/wp-content\/uploads\/XMAS_MCE.jpg?fit=900%2C495&ssl=1&resize=350%2C200","width":350,"height":200,"srcset":"https:\/\/i0.wp.com\/www.maennerchor-ermlitz.de\/wp-content\/uploads\/XMAS_MCE.jpg?fit=900%2C495&ssl=1&resize=350%2C200 1x, https:\/\/i0.wp.com\/www.maennerchor-ermlitz.de\/wp-content\/uploads\/XMAS_MCE.jpg?fit=900%2C495&ssl=1&resize=525%2C300 1.5x, https:\/\/i0.wp.com\/www.maennerchor-ermlitz.de\/wp-content\/uploads\/XMAS_MCE.jpg?fit=900%2C495&ssl=1&resize=700%2C400 2x"},"classes":[]},{"id":1822,"url":"https:\/\/www.maennerchor-ermlitz.de\/?p=1822","url_meta":{"origin":3722,"position":2},"title":"01.07. Vereinsfahrt","author":"Administrator","date":"23. Juli 2017","format":false,"excerpt":"Das Ziel der diesj\u00e4hrigen S\u00e4ngerfahrt war der Geiseltalsee. S\u00e4ngerfahrten und Vereinsvergn\u00fcgen erm\u00f6glichen es uns S\u00e4ngern mit unseren Frauen und F\u00f6rdermitgliedern gemeinsam etwas zu unternehmen. Es ging mit dem Bus nach Braunsbedra. An der \"Marina\" stand der Geiseltalsee-Express f\u00fcr eine Seeumrundung bereit. W\u00e4hrend der Fahrt wurde Wissenswertes \u00fcber die Entstehung des\u2026","rel":"","context":"In &quot;News&quot;","block_context":{"text":"News","link":"https:\/\/www.maennerchor-ermlitz.de\/?cat=1"},"img":{"alt_text":"","src":"https:\/\/i0.wp.com\/www.maennerchor-ermlitz.de\/wp-content\/uploads\/1_P1010526.jpg?fit=576%2C768&ssl=1&resize=350%2C200","width":350,"height":200,"srcset":"https:\/\/i0.wp.com\/www.maennerchor-ermlitz.de\/wp-content\/uploads\/1_P1010526.jpg?fit=576%2C768&ssl=1&resize=350%2C200 1x, https:\/\/i0.wp.com\/www.maennerchor-ermlitz.de\/wp-content\/uploads\/1_P1010526.jpg?fit=576%2C768&ssl=1&resize=525%2C300 1.5x"},"classes":[]},{"id":4137,"url":"https:\/\/www.maennerchor-ermlitz.de\/?p=4137","url_meta":{"origin":3722,"position":3},"title":"02.12. Adventskonzert am Flughafen Leipzig\/Halle","author":"Administrator","date":"6. Dezember 2018","format":false,"excerpt":"Das Konzert ist am Flughafen zu einer Tradition geworden. Das erste Konzert fand bereits 2002 statt. In diesem Jahr waren 9 Ch\u00f6re und eine Bl\u00e4sergruppe aus der Flughafennachbarschaft eingeladen. Es pr\u00e4sentierten sich M\u00e4nner-, Frauen-, Jugendch\u00f6re sowie gemischte Ch\u00f6re. Die Ensembles gestalteten mit Liedern zum Advent und Weihnachten den musikalischen Ausklang\u2026","rel":"","context":"In &quot;News&quot;","block_context":{"text":"News","link":"https:\/\/www.maennerchor-ermlitz.de\/?cat=1"},"img":{"alt_text":"","src":"https:\/\/i0.wp.com\/www.maennerchor-ermlitz.de\/wp-content\/uploads\/IMG_0963.jpg?resize=350%2C200","width":350,"height":200,"srcset":"https:\/\/i0.wp.com\/www.maennerchor-ermlitz.de\/wp-content\/uploads\/IMG_0963.jpg?resize=350%2C200 1x, https:\/\/i0.wp.com\/www.maennerchor-ermlitz.de\/wp-content\/uploads\/IMG_0963.jpg?resize=525%2C300 1.5x, https:\/\/i0.wp.com\/www.maennerchor-ermlitz.de\/wp-content\/uploads\/IMG_0963.jpg?resize=700%2C400 2x"},"classes":[]},{"id":1925,"url":"https:\/\/www.maennerchor-ermlitz.de\/?p=1925","url_meta":{"origin":3722,"position":4},"title":"24.12. Christvesper in der Dorfkirche Ermlitz","author":"Administrator","date":"31. Dezember 2017","format":false,"excerpt":"Nachdem im vergangenen Jahr der Ruf nach einem erneuten Weihnachtskonzert des M\u00e4nnerchor Ermlitz e.V. immer lauter wurde, wurde dieser Wunsch der Ermlitzer B\u00fcrgerinnen und B\u00fcrger erf\u00fcllt. Daher war bereits auch im Vorfeld mit einem regen Zulauf zu rechnen. Wie viele Besucher sich dann aber kurz vor der Bescherung noch in\u2026","rel":"","context":"In &quot;News&quot;","block_context":{"text":"News","link":"https:\/\/www.maennerchor-ermlitz.de\/?cat=1"},"img":{"alt_text":"","src":"https:\/\/i0.wp.com\/www.maennerchor-ermlitz.de\/wp-content\/uploads\/P1040318.jpg?resize=350%2C200","width":350,"height":200,"srcset":"https:\/\/i0.wp.com\/www.maennerchor-ermlitz.de\/wp-content\/uploads\/P1040318.jpg?resize=350%2C200 1x, https:\/\/i0.wp.com\/www.maennerchor-ermlitz.de\/wp-content\/uploads\/P1040318.jpg?resize=525%2C300 1.5x, https:\/\/i0.wp.com\/www.maennerchor-ermlitz.de\/wp-content\/uploads\/P1040318.jpg?resize=700%2C400 2x, https:\/\/i0.wp.com\/www.maennerchor-ermlitz.de\/wp-content\/uploads\/P1040318.jpg?resize=1050%2C600 3x, https:\/\/i0.wp.com\/www.maennerchor-ermlitz.de\/wp-content\/uploads\/P1040318.jpg?resize=1400%2C800 4x"},"classes":[]},{"id":4238,"url":"https:\/\/www.maennerchor-ermlitz.de\/?p=4238","url_meta":{"origin":3722,"position":5},"title":"24.12. Weihnachtskonzert in der Dorfkirche Ermlitz","author":"Administrator","date":"31. Dezember 2018","format":false,"excerpt":"Auch in diesem Jahr pr\u00e4sentierte sich der Ermlitzer M\u00e4nnerchor unter Leitung von Erik Schober wieder mit einem Weihnachtskonzert am Heiligen Abend zum Gottesdienst in der Ermlitzer Kirche. Nach Worten der Begr\u00fc\u00dfung von Pfarrerin Frau B\u00f6hme stimmten Publikum, Chor und Orgel gemeinsam mit dem Lied \"Herbei, oh ihr Gl\u00e4ubigen\" auf die\u2026","rel":"","context":"In &quot;News&quot;","block_context":{"text":"News","link":"https:\/\/www.maennerchor-ermlitz.de\/?cat=1"},"img":{"alt_text":"","src":"https:\/\/i0.wp.com\/www.maennerchor-ermlitz.de\/wp-content\/uploads\/IMG_1006-2.jpg?resize=350%2C200","width":350,"height":200,"srcset":"https:\/\/i0.wp.com\/www.maennerchor-ermlitz.de\/wp-content\/uploads\/IMG_1006-2.jpg?resize=350%2C200 1x, https:\/\/i0.wp.com\/www.maennerchor-ermlitz.de\/wp-content\/uploads\/IMG_1006-2.jpg?resize=525%2C300 1.5x, https:\/\/i0.wp.com\/www.maennerchor-ermlitz.de\/wp-content\/uploads\/IMG_1006-2.jpg?resize=700%2C400 2x"},"classes":[]}],"_links":{"self":[{"href":"https:\/\/www.maennerchor-ermlitz.de\/index.php?rest_route=\/wp\/v2\/posts\/3722","targetHints":{"allow":["GET"]}}],"collection":[{"href":"https:\/\/www.maennerchor-ermlitz.de\/index.php?rest_route=\/wp\/v2\/posts"}],"about":[{"href":"https:\/\/www.maennerchor-ermlitz.de\/index.php?rest_route=\/wp\/v2\/types\/post"}],"author":[{"embeddable":true,"href":"https:\/\/www.maennerchor-ermlitz.de\/index.php?rest_route=\/wp\/v2\/users\/1"}],"replies":[{"embeddable":true,"href":"https:\/\/www.maennerchor-ermlitz.de\/index.php?rest_route=%2Fwp%2Fv2%2Fcomments&post=3722"}],"version-history":[{"count":2,"href":"https:\/\/www.maennerchor-ermlitz.de\/index.php?rest_route=\/wp\/v2\/posts\/3722\/revisions"}],"predecessor-version":[{"id":3733,"href":"https:\/\/www.maennerchor-ermlitz.de\/index.php?rest_route=\/wp\/v2\/posts\/3722\/revisions\/3733"}],"wp:attachment":[{"href":"https:\/\/www.maennerchor-ermlitz.de\/index.php?rest_route=%2Fwp%2Fv2%2Fmedia&parent=3722"}],"wp:term":[{"taxonomy":"category","embeddable":true,"href":"https:\/\/www.maennerchor-ermlitz.de\/index.php?rest_route=%2Fwp%2Fv2%2Fcategories&post=3722"},{"taxonomy":"post_tag","embeddable":true,"href":"https:\/\/www.maennerchor-ermlitz.de\/index.php?rest_route=%2Fwp%2Fv2%2Ftags&post=3722"}],"curies":[{"name":"wp","href":"https:\/\/api.w.org\/{rel}","templated":true}]}}