{"id":3835,"date":"2018-08-27T18:32:51","date_gmt":"2018-08-27T16:32:51","guid":{"rendered":"https:\/\/www.maennerchor-ermlitz.de\/?p=3835"},"modified":"2018-08-27T18:32:51","modified_gmt":"2018-08-27T16:32:51","slug":"jede-stimme-zaehlt","status":"publish","type":"post","link":"https:\/\/www.maennerchor-ermlitz.de\/?p=3835","title":{"rendered":"Jede Stimme z\u00e4hlt!"},"content":{"rendered":"<p>Nein, es steht keine Wahl an. Vielmehr geht es um ein Thema, das alle betrifft, denen das kulturelle Leben in unserem Ortsteil am Herzen liegt.<\/p>\n<p>Liest man heutzutage \u00fcber Ch\u00f6re, so liest man vom &#8222;Chorsterben&#8220;, welches viel Ch\u00f6re dazu zwingt, ihre Vereinsaktivit\u00e4t einzustellen, oder sich mit anderen Ch\u00f6ren zusammen zu schlie\u00dfen.<br \/>\nEines vorneweg: So schlimm steht es gl\u00fccklicherweise um den M\u00e4nnerchor Ermlitz e.V. nicht. Dennoch geht dieses Thema auch nicht an unserem Verein vorbei.<br \/>\nDennoch mussten auch wir in der Vergangenheit feststellen, dass sich in unseren Reihen an manchen Tagen ein gewisser &#8222;Personalmangel&#8220; bemerkbar macht.<\/p>\n<p>Wir wissen, dass den Ermlitzern das kulturelle Leben und auch die Ch\u00f6re sehr am Herzen liegen. Denn die Auftritte des M\u00e4nnerchor Ermlitz e.V. sind stets bei jedem Auftritt gut besucht.<br \/>\nJedoch kann solch eine kulturelle Tradition nur dann gepflegt werden, wenn es gen\u00fcgend Leute gibt, die diese Traditionspflege mitgestalten.<\/p>\n<p>Ich als derzeit j\u00fcngstes aktives Chormitglied kenne die Bedenken, die wohl viele Leute daran hindern, sich einem Verein anzuschlie\u00dfen.<br \/>\nDa hei\u00dft es oftmals &#8222;Ich bin berufst\u00e4tig und habe keine Zeit.&#8220; oder &#8222;Ich kann doch eh nicht singen.&#8220; \u00c4hnliche Vorbehalte gab es auch meinerseits, als ich im Jahre 2012 dem Verein beigetreten bin.<br \/>\nIch wurde eines Besseren belehrt.<\/p>\n<p>Denn trotz meiner beruflichen T\u00e4tigkeit im Schichtdienst, ist es sehr wohl realisierbar, Beruf und Vereinsleben miteinander zu vereinen.<br \/>\nUnd auch was das Thema &#8222;K\u00f6nnen&#8220; betrifft, ist der M\u00e4nnerchor eine gute Schule f\u00fcr mich gewesen und ist es auch noch heute, um meine gesanglichen F\u00e4higkeiten zu f\u00f6rdern.<\/p>\n<p><strong><span style=\"text-decoration: underline;\">Was erwartet dich?<\/span><\/strong><\/p>\n<p>Dich erwartet eine Gemeinschaft, die micht nur im musikalischen Sinne immer den richtigen Ton findet, sondern auch in puncto Gemeinschaft eine Einheit bildet.<br \/>\nUnter der professionellen Leitung unseres Chorleiters Erik Schober wird dir auch eine professionelle, aber auch f\u00fcr Laien gestaltete musikalische Ausbildung zuteil.<br \/>\nEbenso pflegt der Verein die Tradition, regelm\u00e4\u00dfige Veranstaltungen durchzuf\u00fchren, die insbesondere das Gemeinschaftsgef\u00fchl f\u00f6rdern.<\/p>\n<p><span style=\"text-decoration: underline;\"><strong>Wen suchen wir?<\/strong><\/span><\/p>\n<p>Grunds\u00e4tzlich begr\u00fc\u00dfen wir es, Vers\u00e4rkung f\u00fcr alle Stimmen zu gewinnen. Insbesondere ben\u00f6tigen wir jedoch Verst\u00e4rkung f\u00fcr die Stmmlagen des 1. und 2. Tenors.<\/p>\n<p><span style=\"text-decoration: underline;\"><strong>Neugierig geworden?<\/strong><\/span><\/p>\n<p>Du bist interessiert, oder kennst jemanden, der sich f\u00fcr unseren Verein begeistern kann?<br \/>\nDann w\u00fcrden wir uns \u00fcber einen unverbindlichen Versuch zum Probesingen freuen.<br \/>\nDer M\u00e4nnerchor Ermlitz e.V. probt jeden Dienstag um 19:30 Uhr im Clubraum in der <span class=\"LrzXr\">Pestalozzistra\u00dfe 23 in 06258 Schkopau<\/span> &#8211; OT Ermlitz.<\/p>\n<p>Sollten wir dein Interesse geweckt haben, w\u00fcrden wir uns \u00fcber einen Besuch zum Probesingen freuen. Gern darf dieser Artikel auch geteilt werden.<\/p>\n<p>Liebe Gr\u00fc\u00dfe,<\/p>\n<p>Matthias Schleusener<br \/>\n(Webmaster)<\/p>\n","protected":false},"excerpt":{"rendered":"<p>Nein, es steht keine Wahl an. Vielmehr geht es um ein Thema, das alle betrifft, denen das kulturelle Leben in unserem Ortsteil am Herzen liegt. Liest man heutzutage \u00fcber Ch\u00f6re, so liest man vom &#8222;Chorsterben&#8220;, welches viel Ch\u00f6re dazu zwingt, ihre Vereinsaktivit\u00e4t einzustellen, oder sich mit anderen Ch\u00f6ren zusammen zu schlie\u00dfen. Eines vorneweg: So schlimm [&hellip;]<\/p>\n","protected":false},"author":1,"featured_media":0,"comment_status":"open","ping_status":"open","sticky":false,"template":"","format":"standard","meta":{"jetpack_post_was_ever_published":false,"_jetpack_newsletter_access":"","_jetpack_dont_email_post_to_subs":false,"_jetpack_newsletter_tier_id":0,"_jetpack_memberships_contains_paywalled_content":false,"_jetpack_memberships_contains_paid_content":false,"footnotes":"","jetpack_publicize_message":"","jetpack_publicize_feature_enabled":true,"jetpack_social_post_already_shared":true,"jetpack_social_options":{"image_generator_settings":{"template":"highway","default_image_id":0,"font":"","enabled":false},"version":2}},"categories":[1],"tags":[138,39,75],"class_list":["post-3835","post","type-post","status-publish","format-standard","hentry","category-news","tag-aufruf","tag-maennerchor-ermlitz-e-v","tag-nachwuchsfoerderung"],"jetpack_publicize_connections":[],"jetpack_featured_media_url":"","jetpack_sharing_enabled":true,"jetpack_shortlink":"https:\/\/wp.me\/p5m6MX-ZR","jetpack-related-posts":[{"id":5696,"url":"https:\/\/www.maennerchor-ermlitz.de\/?p=5696","url_meta":{"origin":3835,"position":0},"title":"Corona-Update: Probenbetrieb zun\u00e4chst bis Ende November 2020 ausgesetzt!","author":"Administrator","date":"6. November 2020","format":false,"excerpt":"Liebe Chorfreunde, auf Grund der Tatsache, dass sich aktuell die Zahl der Neuinfektionen in eine Richtung entwickelt, die auf eine Versch\u00e4rfung der Pandemielage deutet, ist der Probenbetrieb des M\u00e4nnerchores Ermlitz e.V. zun\u00e4chst bis einschlie\u00dflich den 30. November 2020 ausgesetzt. Damit setzt der M\u00e4nnerchor Ermlitz e.V. die Ende Oktober getroffenen Regelungen\u2026","rel":"","context":"In &quot;News&quot;","block_context":{"text":"News","link":"https:\/\/www.maennerchor-ermlitz.de\/?cat=1"},"img":{"alt_text":"","src":"","width":0,"height":0},"classes":[]},{"id":5082,"url":"https:\/\/www.maennerchor-ermlitz.de\/?p=5082","url_meta":{"origin":3835,"position":1},"title":"01.06 &#8211; Feuerwehrfest der FFW Ermlitz","author":"Administrator","date":"9. Juni 2019","format":false,"excerpt":"Es ist bereits zu einer festen kulturellen Institution geworden, dass sich die Ermlitzerinnen und Ermlitzer eine Woche nach Himmelfahrt nochmals zu tun, um richtig zu feiern. So lud in diesem Jahr auch wieder der F\u00f6rderverein der Freiwilligen Feuerwehr Ermlitz e.V. bei sch\u00f6nstem Sommerwetter zum Feuerwehrfest ein, welches ein breites Programm\u2026","rel":"","context":"In &quot;News&quot;","block_context":{"text":"News","link":"https:\/\/www.maennerchor-ermlitz.de\/?cat=1"},"img":{"alt_text":"","src":"https:\/\/i0.wp.com\/www.maennerchor-ermlitz.de\/wp-content\/uploads\/DSC_0089.jpg?resize=350%2C200","width":350,"height":200,"srcset":"https:\/\/i0.wp.com\/www.maennerchor-ermlitz.de\/wp-content\/uploads\/DSC_0089.jpg?resize=350%2C200 1x, https:\/\/i0.wp.com\/www.maennerchor-ermlitz.de\/wp-content\/uploads\/DSC_0089.jpg?resize=525%2C300 1.5x, https:\/\/i0.wp.com\/www.maennerchor-ermlitz.de\/wp-content\/uploads\/DSC_0089.jpg?resize=700%2C400 2x"},"classes":[]},{"id":5632,"url":"https:\/\/www.maennerchor-ermlitz.de\/?p=5632","url_meta":{"origin":3835,"position":2},"title":"Corona-Update vom 29.05.2020 &#8211; Bald wieder Probenbetrieb m\u00f6glich?","author":"Administrator","date":"29. Mai 2020","format":false,"excerpt":"Liebe Chorfreunde, wie Sie ja bereits den Medien entnehmen k\u00f6nnen, entspannt sich die Situation rund um die Corona-Pandemie allm\u00e4hlich. Das bedeutet, dass die Zahlen der Neuinfektionen und die Zahl der akuten F\u00e4lle zunehmend r\u00fcckl\u00e4ufig ist. Dies ist nat\u00fcrlich eine erfreuliche Nachricht. Und auch das Land Sachsen-Anhalt hat weitere Lockerungsma\u00dfnahmen, welche\u2026","rel":"","context":"In &quot;News&quot;","block_context":{"text":"News","link":"https:\/\/www.maennerchor-ermlitz.de\/?cat=1"},"img":{"alt_text":"","src":"","width":0,"height":0},"classes":[]},{"id":6011,"url":"https:\/\/www.maennerchor-ermlitz.de\/?p=6011","url_meta":{"origin":3835,"position":3},"title":"Weihnachtsgr\u00fc\u00dfe des M\u00e4nnerchor Ermlitz e.V.","author":"Administrator","date":"18. Dezember 2023","format":false,"excerpt":"Das Jahr 2023 neigt sich dem Ende zu. Wir wollen dies zum Anlass nehmen, uns bei allen Freunden des Gesangs f\u00fcr ihre Treue zu bedanken. F\u00fcr die Unterst\u00fctzung des Chores durch die F\u00f6rderer und Sponsoren ebenfalls herzlichsten Dank. Dank f\u00fcr die gute Zusammenarbeit geht an das B\u00fcrgerb\u00fcro Ermlitz sowie die\u2026","rel":"","context":"In &quot;News&quot;","block_context":{"text":"News","link":"https:\/\/www.maennerchor-ermlitz.de\/?cat=1"},"img":{"alt_text":"","src":"https:\/\/i0.wp.com\/www.maennerchor-ermlitz.de\/wp-content\/uploads\/XMAS_MCE.jpg?fit=900%2C495&ssl=1&resize=350%2C200","width":350,"height":200,"srcset":"https:\/\/i0.wp.com\/www.maennerchor-ermlitz.de\/wp-content\/uploads\/XMAS_MCE.jpg?fit=900%2C495&ssl=1&resize=350%2C200 1x, https:\/\/i0.wp.com\/www.maennerchor-ermlitz.de\/wp-content\/uploads\/XMAS_MCE.jpg?fit=900%2C495&ssl=1&resize=525%2C300 1.5x, https:\/\/i0.wp.com\/www.maennerchor-ermlitz.de\/wp-content\/uploads\/XMAS_MCE.jpg?fit=900%2C495&ssl=1&resize=700%2C400 2x"},"classes":[]},{"id":1909,"url":"https:\/\/www.maennerchor-ermlitz.de\/?p=1909","url_meta":{"origin":3835,"position":4},"title":"Der M\u00e4nnerchor Ermlitz e.V. w\u00fcnscht frohe Weihnachten!","author":"Administrator","date":"24. Dezember 2017","format":false,"excerpt":"Wieder ist ein Konzertjahr vorbei. Der M\u00e4nnerchor hat Sie zu vielen verschiedenen Anl\u00e4ssen durch das vergangene Jahr begleiten d\u00fcrfen. Auch im kommenden Jahr m\u00f6chten wir Ihnen zu den verschiedenen kulturellen Anl\u00e4ssen Gelegenheit geben, den Kl\u00e4ngen des M\u00e4nnerchor Ermlitz e.V. geben. Daf\u00fcr arbeiten wir bereits am Programm f\u00fcr das Konzertjahr 2018.\u2026","rel":"","context":"In &quot;News&quot;","block_context":{"text":"News","link":"https:\/\/www.maennerchor-ermlitz.de\/?cat=1"},"img":{"alt_text":"","src":"https:\/\/i0.wp.com\/www.maennerchor-ermlitz.de\/wp-content\/uploads\/XMAS_MCE.jpg?resize=350%2C200&ssl=1","width":350,"height":200,"srcset":"https:\/\/i0.wp.com\/www.maennerchor-ermlitz.de\/wp-content\/uploads\/XMAS_MCE.jpg?resize=350%2C200&ssl=1 1x, https:\/\/i0.wp.com\/www.maennerchor-ermlitz.de\/wp-content\/uploads\/XMAS_MCE.jpg?resize=525%2C300&ssl=1 1.5x, https:\/\/i0.wp.com\/www.maennerchor-ermlitz.de\/wp-content\/uploads\/XMAS_MCE.jpg?resize=700%2C400&ssl=1 2x"},"classes":[]},{"id":5820,"url":"https:\/\/www.maennerchor-ermlitz.de\/?p=5820","url_meta":{"origin":3835,"position":5},"title":"Weihnachtsgr\u00fc\u00dfe des M\u00e4nnerchor Ermlitz e.V.","author":"Administrator","date":"19. Dezember 2021","format":false,"excerpt":"Ein Jahr mit wenigen Auftritten neigt sich dem Ende zu. Wir wollen dies zum Anlass nehmen, uns bei allen Freunden des Gesangs f\u00fcr ihre Treue zu bedanken. Zu den hoffentlich in gr\u00f6\u00dferer Anzahl stattfindenden Konzerten im kommenden Jahr 2022, freuen wir uns auf Ihren Besuch. Dank f\u00fcr die gute Zusammenarbeit\u2026","rel":"","context":"In &quot;News&quot;","block_context":{"text":"News","link":"https:\/\/www.maennerchor-ermlitz.de\/?cat=1"},"img":{"alt_text":"","src":"https:\/\/i0.wp.com\/www.maennerchor-ermlitz.de\/wp-content\/uploads\/XMAS_MCE.jpg?resize=350%2C200&ssl=1","width":350,"height":200,"srcset":"https:\/\/i0.wp.com\/www.maennerchor-ermlitz.de\/wp-content\/uploads\/XMAS_MCE.jpg?resize=350%2C200&ssl=1 1x, https:\/\/i0.wp.com\/www.maennerchor-ermlitz.de\/wp-content\/uploads\/XMAS_MCE.jpg?resize=525%2C300&ssl=1 1.5x, https:\/\/i0.wp.com\/www.maennerchor-ermlitz.de\/wp-content\/uploads\/XMAS_MCE.jpg?resize=700%2C400&ssl=1 2x"},"classes":[]}],"_links":{"self":[{"href":"https:\/\/www.maennerchor-ermlitz.de\/index.php?rest_route=\/wp\/v2\/posts\/3835","targetHints":{"allow":["GET"]}}],"collection":[{"href":"https:\/\/www.maennerchor-ermlitz.de\/index.php?rest_route=\/wp\/v2\/posts"}],"about":[{"href":"https:\/\/www.maennerchor-ermlitz.de\/index.php?rest_route=\/wp\/v2\/types\/post"}],"author":[{"embeddable":true,"href":"https:\/\/www.maennerchor-ermlitz.de\/index.php?rest_route=\/wp\/v2\/users\/1"}],"replies":[{"embeddable":true,"href":"https:\/\/www.maennerchor-ermlitz.de\/index.php?rest_route=%2Fwp%2Fv2%2Fcomments&post=3835"}],"version-history":[{"count":1,"href":"https:\/\/www.maennerchor-ermlitz.de\/index.php?rest_route=\/wp\/v2\/posts\/3835\/revisions"}],"predecessor-version":[{"id":3836,"href":"https:\/\/www.maennerchor-ermlitz.de\/index.php?rest_route=\/wp\/v2\/posts\/3835\/revisions\/3836"}],"wp:attachment":[{"href":"https:\/\/www.maennerchor-ermlitz.de\/index.php?rest_route=%2Fwp%2Fv2%2Fmedia&parent=3835"}],"wp:term":[{"taxonomy":"category","embeddable":true,"href":"https:\/\/www.maennerchor-ermlitz.de\/index.php?rest_route=%2Fwp%2Fv2%2Fcategories&post=3835"},{"taxonomy":"post_tag","embeddable":true,"href":"https:\/\/www.maennerchor-ermlitz.de\/index.php?rest_route=%2Fwp%2Fv2%2Ftags&post=3835"}],"curies":[{"name":"wp","href":"https:\/\/api.w.org\/{rel}","templated":true}]}}