{"id":6125,"date":"2024-11-24T12:06:49","date_gmt":"2024-11-24T11:06:49","guid":{"rendered":"https:\/\/www.maennerchor-ermlitz.de\/?p=6125"},"modified":"2024-11-24T12:06:49","modified_gmt":"2024-11-24T11:06:49","slug":"lieder-zum-advent","status":"publish","type":"post","link":"https:\/\/www.maennerchor-ermlitz.de\/?p=6125","title":{"rendered":"Lieder zum Advent"},"content":{"rendered":"<p><em>Das Jahr 2024 neigt sich langsam dem Ende, somit auch das<br \/>\n<\/em><em>100 \u2013j\u00e4hrige Chorjubil\u00e4um unseres Chores.<br \/>\n<\/em><em>Zum Abschluss m\u00f6chten wir Euch herzlich zu unseren Adventskonzerten einladen.<\/em><\/p>\n<p><strong><em><u>-Am \u00a001.12.2024<\/u><\/em><\/strong><\/p>\n<p><em>\u00a0Singen im Hof in 06258 \u00a0Oberthau, Elsterstra\u00dfe 7<br \/>\n<\/em><em>Ge\u00f6ffnet ab 14.30 Uhr<\/em><\/p>\n<p><strong><em><u>-Am 08.12.2024 \u00a0<\/u><\/em><\/strong><\/p>\n<p><em>\u00a0In der Kirche Altscherbitz mit dem Posaunenchor Schkeuditz<br \/>\n<\/em><em>Beginn: 16 Uhr<\/em><\/p>\n<p><em><u><strong>-Am 21.12.2024<\/strong> <\/u><\/em><\/p>\n<p><em>\u00a0In der Ermlitzer Kirche gemeinsam mit dem Frauenchor Ermlitz<br \/>\n<\/em><em>Beginn: 15.30 Uhr<\/em><\/p>\n<p><strong><em>&#8211;Zu allen Konzerten ist der Eintritt frei.&#8211;<\/em><\/strong><\/p>\n<p><em>\u00dcber Ihren Besuch w\u00fcrden wir uns freuen.<br \/>\n<\/em><em>Wir w\u00fcnschen Ihnen und Ihren Angeh\u00f6rigen eine sch\u00f6ne Adventszeit.<\/em><\/p>\n<p><em>\u00a0<\/em><\/p>\n<p><em>Mit freundlichen Sangesgr\u00fc\u00dfen<\/em><\/p>\n<p><em>M\u00e4nnerchor Ermlitz e.V<\/em><\/p>\n","protected":false},"excerpt":{"rendered":"<p>Das Jahr 2024 neigt sich langsam dem Ende, somit auch das 100 \u2013j\u00e4hrige Chorjubil\u00e4um unseres Chores. Zum Abschluss m\u00f6chten wir Euch herzlich zu unseren Adventskonzerten einladen. -Am \u00a001.12.2024 \u00a0Singen im Hof in 06258 \u00a0Oberthau, Elsterstra\u00dfe 7 Ge\u00f6ffnet ab 14.30 Uhr -Am 08.12.2024 \u00a0 \u00a0In der Kirche Altscherbitz mit dem Posaunenchor Schkeuditz Beginn: 16 Uhr -Am [&hellip;]<\/p>\n","protected":false},"author":1,"featured_media":0,"comment_status":"open","ping_status":"open","sticky":false,"template":"","format":"standard","meta":{"jetpack_post_was_ever_published":false,"_jetpack_newsletter_access":"","_jetpack_dont_email_post_to_subs":false,"_jetpack_newsletter_tier_id":0,"_jetpack_memberships_contains_paywalled_content":false,"_jetpack_memberships_contains_paid_content":false,"footnotes":"","jetpack_publicize_message":"","jetpack_publicize_feature_enabled":true,"jetpack_social_post_already_shared":true,"jetpack_social_options":{"image_generator_settings":{"template":"highway","default_image_id":0,"font":"","enabled":false},"version":2}},"categories":[1],"tags":[235,21,19,236],"class_list":["post-6125","post","type-post","status-publish","format-standard","hentry","category-news","tag-235","tag-adventskonzerte","tag-weihnachten","tag-weihnachten-2024"],"jetpack_publicize_connections":[],"jetpack_featured_media_url":"","jetpack_sharing_enabled":true,"jetpack_shortlink":"https:\/\/wp.me\/p5m6MX-1AN","jetpack-related-posts":[{"id":1872,"url":"https:\/\/www.maennerchor-ermlitz.de\/?p=1872","url_meta":{"origin":6125,"position":0},"title":"Genie\u00dfen Sie die Weihnachtszeit mit dem M\u00e4nnerchor Ermlitz!","author":"Administrator","date":"26. November 2017","format":false,"excerpt":"Es ist mal wieder die Zeit, die Stimmung wieder in eine Richtung zu bringen, auf die wir uns jedes Jahr aufs Neue freuen. Ja, es steht die Adventszeit vor der T\u00fcr. Auch in diesem Jahr m\u00f6chten wir wieder die besinnliche Zeit des Jahres einl\u00e4uten. Daher haben wir f\u00fcr Sie auch\u2026","rel":"","context":"In &quot;News&quot;","block_context":{"text":"News","link":"https:\/\/www.maennerchor-ermlitz.de\/?cat=1"},"img":{"alt_text":"","src":"https:\/\/i0.wp.com\/www.maennerchor-ermlitz.de\/wp-content\/uploads\/Weihnachtskonzert-Beuna-Plakat-740x1024.jpg?resize=350%2C200&ssl=1","width":350,"height":200,"srcset":"https:\/\/i0.wp.com\/www.maennerchor-ermlitz.de\/wp-content\/uploads\/Weihnachtskonzert-Beuna-Plakat-740x1024.jpg?resize=350%2C200&ssl=1 1x, https:\/\/i0.wp.com\/www.maennerchor-ermlitz.de\/wp-content\/uploads\/Weihnachtskonzert-Beuna-Plakat-740x1024.jpg?resize=525%2C300&ssl=1 1.5x, https:\/\/i0.wp.com\/www.maennerchor-ermlitz.de\/wp-content\/uploads\/Weihnachtskonzert-Beuna-Plakat-740x1024.jpg?resize=700%2C400&ssl=1 2x"},"classes":[]},{"id":4031,"url":"https:\/\/www.maennerchor-ermlitz.de\/?p=4031","url_meta":{"origin":6125,"position":1},"title":"Konzertank\u00fcndigung f\u00fcr die Adventszeit 2018","author":"Administrator","date":"28. Oktober 2018","format":false,"excerpt":"So langsam r\u00fcckt die besinnliche Zeit des Jahres ja auch etwas n\u00e4her. Da liegt es auch auf der Hand, dass der M\u00e4nnerchor Ermlitz e.V. in dieser Zeit sein Publikum auf diese Zeit einstimmen m\u00f6chte. Daher m\u00f6chten wir bereits jetzt auf folgende Konzerte hinweisen: 02.12.18 - Auftritt beim traditionellen Adventssingen im\u2026","rel":"","context":"In &quot;News&quot;","block_context":{"text":"News","link":"https:\/\/www.maennerchor-ermlitz.de\/?cat=1"},"img":{"alt_text":"","src":"","width":0,"height":0},"classes":[]},{"id":5512,"url":"https:\/\/www.maennerchor-ermlitz.de\/?p=5512","url_meta":{"origin":6125,"position":2},"title":"22.12. Adventskonzert in der Dorfkirche Ermlitz","author":"Administrator","date":"26. Dezember 2019","format":false,"excerpt":"Zum diesj\u00e4hrigen Adventskonzert stimmten gemeinsam der M\u00e4nner- und Frauenchor Ermlitz auf die besinnliche Weihnachtszeit ein. Das Konzert war sehr gut besucht. Nach der Begr\u00fc\u00dfung durch Pfarrerin Frau B\u00f6hme sangen die Ch\u00f6re einzeln und gemeinsam klassische und moderne Weihnachtslieder. Bei den Liedern \u201eAlle Jahre wieder\u201c und \u201eO du Fr\u00f6hliche\u201c waren die\u2026","rel":"","context":"In &quot;News&quot;","block_context":{"text":"News","link":"https:\/\/www.maennerchor-ermlitz.de\/?cat=1"},"img":{"alt_text":"","src":"https:\/\/i0.wp.com\/www.maennerchor-ermlitz.de\/wp-content\/uploads\/IMG_1087-scaled.jpg?resize=350%2C200","width":350,"height":200,"srcset":"https:\/\/i0.wp.com\/www.maennerchor-ermlitz.de\/wp-content\/uploads\/IMG_1087-scaled.jpg?resize=350%2C200 1x, https:\/\/i0.wp.com\/www.maennerchor-ermlitz.de\/wp-content\/uploads\/IMG_1087-scaled.jpg?resize=525%2C300 1.5x, https:\/\/i0.wp.com\/www.maennerchor-ermlitz.de\/wp-content\/uploads\/IMG_1087-scaled.jpg?resize=700%2C400 2x, https:\/\/i0.wp.com\/www.maennerchor-ermlitz.de\/wp-content\/uploads\/IMG_1087-scaled.jpg?resize=1050%2C600 3x, https:\/\/i0.wp.com\/www.maennerchor-ermlitz.de\/wp-content\/uploads\/IMG_1087-scaled.jpg?resize=1400%2C800 4x"},"classes":[]},{"id":5982,"url":"https:\/\/www.maennerchor-ermlitz.de\/?p=5982","url_meta":{"origin":6125,"position":3},"title":"Vorl\u00e4ufiger Auftrittsplan f\u00fcr das Chorjahr 2023","author":"Administrator","date":"6. M\u00e4rz 2023","format":false,"excerpt":"Nach den Jahren der Enthaltsamkeit durch die Corona-Pandemie ist es nun endlich wieder m\u00f6glich, Konzerte und Veranstaltungen l\u00e4ngerfristig zu planen. Daher freuen wir uns, Ihnen heute unseren vorl\u00e4ufigen Konzertplan f\u00fcr das Konzertjahr 2023 pr\u00e4sentieren zu k\u00f6nnen. 14.05.23 ab 09:30 Uhr\u00a0 \u00a0\u00a0\u00a0\u00a0\u00a0\u00a0\u00a0\u00a0\u00a0\u00a0\u00a0\u00a0\u00a0\u00a0\u00a0\u00a0\u00a0 Muttertagskonzert im Seniorenheim \"Bergbreite\" der Volkssolitarit\u00e4t und am Rathausplatz\u2026","rel":"","context":"In &quot;News&quot;","block_context":{"text":"News","link":"https:\/\/www.maennerchor-ermlitz.de\/?cat=1"},"img":{"alt_text":"","src":"","width":0,"height":0},"classes":[]},{"id":1895,"url":"https:\/\/www.maennerchor-ermlitz.de\/?p=1895","url_meta":{"origin":6125,"position":4},"title":"09.12. Adventskonzert im Gemeindezentrum Hoppenhaupt-Kirche Beuna","author":"Administrator","date":"14. Dezember 2017","format":false,"excerpt":"In diesem Jahr wurde der Ermlitzer M\u00e4nnerchor e. V. unter Leitung von Erik Schober zum wiederholten Male zum Adventskonzert in die Hoppenhaupt-Kirche Beuna eingeladen. In dem akustisch gro\u00dfartigen Raum war es wunderbar, zu singen. Es wurden der Jahreszeit angemessene Weihnachtslieder pr\u00e4sentiert. Nach dem Konzert hat Herbert Katzer aus Beuna den\u2026","rel":"","context":"In &quot;News&quot;","block_context":{"text":"News","link":"https:\/\/www.maennerchor-ermlitz.de\/?cat=1"},"img":{"alt_text":"","src":"https:\/\/i0.wp.com\/www.maennerchor-ermlitz.de\/wp-content\/uploads\/IMG_0584.jpg?resize=350%2C200","width":350,"height":200,"srcset":"https:\/\/i0.wp.com\/www.maennerchor-ermlitz.de\/wp-content\/uploads\/IMG_0584.jpg?resize=350%2C200 1x, https:\/\/i0.wp.com\/www.maennerchor-ermlitz.de\/wp-content\/uploads\/IMG_0584.jpg?resize=525%2C300 1.5x, https:\/\/i0.wp.com\/www.maennerchor-ermlitz.de\/wp-content\/uploads\/IMG_0584.jpg?resize=700%2C400 2x"},"classes":[]},{"id":5494,"url":"https:\/\/www.maennerchor-ermlitz.de\/?p=5494","url_meta":{"origin":6125,"position":5},"title":"08.12. Adventskonzert der Ev. Stadtkirche St. Albanus Schkeuditz","author":"Administrator","date":"15. Dezember 2019","format":false,"excerpt":"Das Konzert fand in diesem Jahr in der Kirche Altscherbitz statt. Die Ev. Kirchgemeinde hat zum siebten Mal in Folge den M\u00e4nnerchor Ermlitz unter Leitung von Erik Schober zum gemeinsamen Adventskonzert mit dem Schkeuditzer Posaunenchor unter Leitung von Elisabeth Marquardt eingeladen. Nach der Begr\u00fc\u00dfung durch Pfarrer Dr. Mei\u00dfner stimmten M\u00e4nnerchor\u2026","rel":"","context":"In &quot;News&quot;","block_context":{"text":"News","link":"https:\/\/www.maennerchor-ermlitz.de\/?cat=1"},"img":{"alt_text":"","src":"https:\/\/i0.wp.com\/www.maennerchor-ermlitz.de\/wp-content\/uploads\/IMG_1043-4.jpg?resize=350%2C200","width":350,"height":200,"srcset":"https:\/\/i0.wp.com\/www.maennerchor-ermlitz.de\/wp-content\/uploads\/IMG_1043-4.jpg?resize=350%2C200 1x, https:\/\/i0.wp.com\/www.maennerchor-ermlitz.de\/wp-content\/uploads\/IMG_1043-4.jpg?resize=525%2C300 1.5x, https:\/\/i0.wp.com\/www.maennerchor-ermlitz.de\/wp-content\/uploads\/IMG_1043-4.jpg?resize=700%2C400 2x"},"classes":[]}],"_links":{"self":[{"href":"https:\/\/www.maennerchor-ermlitz.de\/index.php?rest_route=\/wp\/v2\/posts\/6125","targetHints":{"allow":["GET"]}}],"collection":[{"href":"https:\/\/www.maennerchor-ermlitz.de\/index.php?rest_route=\/wp\/v2\/posts"}],"about":[{"href":"https:\/\/www.maennerchor-ermlitz.de\/index.php?rest_route=\/wp\/v2\/types\/post"}],"author":[{"embeddable":true,"href":"https:\/\/www.maennerchor-ermlitz.de\/index.php?rest_route=\/wp\/v2\/users\/1"}],"replies":[{"embeddable":true,"href":"https:\/\/www.maennerchor-ermlitz.de\/index.php?rest_route=%2Fwp%2Fv2%2Fcomments&post=6125"}],"version-history":[{"count":1,"href":"https:\/\/www.maennerchor-ermlitz.de\/index.php?rest_route=\/wp\/v2\/posts\/6125\/revisions"}],"predecessor-version":[{"id":6130,"href":"https:\/\/www.maennerchor-ermlitz.de\/index.php?rest_route=\/wp\/v2\/posts\/6125\/revisions\/6130"}],"wp:attachment":[{"href":"https:\/\/www.maennerchor-ermlitz.de\/index.php?rest_route=%2Fwp%2Fv2%2Fmedia&parent=6125"}],"wp:term":[{"taxonomy":"category","embeddable":true,"href":"https:\/\/www.maennerchor-ermlitz.de\/index.php?rest_route=%2Fwp%2Fv2%2Fcategories&post=6125"},{"taxonomy":"post_tag","embeddable":true,"href":"https:\/\/www.maennerchor-ermlitz.de\/index.php?rest_route=%2Fwp%2Fv2%2Ftags&post=6125"}],"curies":[{"name":"wp","href":"https:\/\/api.w.org\/{rel}","templated":true}]}}